{"id":3461,"date":"2024-01-22T16:45:05","date_gmt":"2024-01-22T15:45:05","guid":{"rendered":"https:\/\/www.salonhabitatdeco.fr\/?p=3461"},"modified":"2025-03-19T10:56:09","modified_gmt":"2025-03-19T09:56:09","slug":"nexeau","status":"publish","type":"post","link":"https:\/\/www.salonhabitatdeco.fr\/index.php\/2024\/01\/22\/nexeau\/","title":{"rendered":"NEXEAU"},"content":{"rendered":"\t\t<div data-elementor-type=\"wp-post\" data-elementor-id=\"3461\" class=\"elementor elementor-3461\" data-elementor-post-type=\"post\">\n\t\t\t\t\t\t<section class=\"elementor-section elementor-top-section elementor-element elementor-element-50ac371b elementor-section-boxed elementor-section-height-default elementor-section-height-default\" data-id=\"50ac371b\" data-element_type=\"section\" data-settings=\"{&quot;background_background&quot;:&quot;classic&quot;}\">\n\t\t\t\t\t\t<div class=\"elementor-container elementor-column-gap-default\">\n\t\t\t\t\t<div class=\"elementor-column elementor-col-100 elementor-top-column elementor-element elementor-element-3b81e9e8\" data-id=\"3b81e9e8\" data-element_type=\"column\">\n\t\t\t<div class=\"elementor-widget-wrap elementor-element-populated\">\n\t\t\t\t\t\t<div class=\"elementor-element elementor-element-553318d elementor-widget elementor-widget-heading\" data-id=\"553318d\" data-element_type=\"widget\" data-widget_type=\"heading.default\">\n\t\t\t\t<div class=\"elementor-widget-container\">\n\t\t\t\t\t<h1 class=\"elementor-heading-title elementor-size-large\">NEXEAU<br>recherche de fuite<\/h1>\t\t\t\t<\/div>\n\t\t\t\t<\/div>\n\t\t\t\t\t<\/div>\n\t\t<\/div>\n\t\t\t\t\t<\/div>\n\t\t<\/section>\n\t\t\t\t<section class=\"elementor-section elementor-top-section elementor-element elementor-element-67ca4697 elementor-section-content-top elementor-section-height-min-height elementor-section-boxed elementor-section-height-default elementor-section-items-middle\" data-id=\"67ca4697\" data-element_type=\"section\">\n\t\t\t\t\t\t<div class=\"elementor-container elementor-column-gap-no\">\n\t\t\t\t\t<div class=\"elementor-column elementor-col-50 elementor-top-column elementor-element elementor-element-38b478ad\" data-id=\"38b478ad\" data-element_type=\"column\" data-settings=\"{&quot;background_background&quot;:&quot;classic&quot;}\">\n\t\t\t<div class=\"elementor-widget-wrap elementor-element-populated\">\n\t\t\t\t\t\t<div class=\"elementor-element elementor-element-1ddddc0 elementor-widget elementor-widget-image\" data-id=\"1ddddc0\" data-element_type=\"widget\" data-widget_type=\"image.default\">\n\t\t\t\t<div class=\"elementor-widget-container\">\n\t\t\t\t\t\t\t\t\t\t\t\t\t\t\t<img decoding=\"async\" width=\"90\" height=\"90\" src=\"https:\/\/www.salonhabitatdeco.fr\/wp-content\/uploads\/2024\/01\/dd2cc5e5b08cbef6338cfb77ee5f50d9.webp\" class=\"attachment-thumbnail size-thumbnail wp-image-4820\" alt=\"\" \/>\t\t\t\t\t\t\t\t\t\t\t\t\t\t\t<\/div>\n\t\t\t\t<\/div>\n\t\t\t\t<div class=\"elementor-element elementor-element-64bfcd66 elementor-widget elementor-widget-text-editor\" data-id=\"64bfcd66\" data-element_type=\"widget\" data-widget_type=\"text-editor.default\">\n\t\t\t\t<div class=\"elementor-widget-container\">\n\t\t\t\t\t\t\t\t\t<p>NEXEAU &#8211; Recherche de fuites \u00e0 Marcheprime 33380<\/p><p>R\u00e9seau National Chercheurs de fuites d&rsquo;eau : d<span style=\"font-style: inherit; font-weight: inherit; background-color: var( --e-global-color-primary );\">\u00e9g\u00e2ts des eaux, surconsommation, infiltrations, odeurs et humidit\u00e9, \u00e9tanch\u00e9it\u00e9 piscine et toit-terrasse.<\/span><\/p>\t\t\t\t\t\t\t\t<\/div>\n\t\t\t\t<\/div>\n\t\t\t\t\t<\/div>\n\t\t<\/div>\n\t\t\t\t<div class=\"elementor-column elementor-col-50 elementor-top-column elementor-element elementor-element-4b36b194\" data-id=\"4b36b194\" data-element_type=\"column\" data-settings=\"{&quot;background_background&quot;:&quot;slideshow&quot;,&quot;background_slideshow_gallery&quot;:[{&quot;id&quot;:4821,&quot;url&quot;:&quot;https:\\\/\\\/www.salonhabitatdeco.fr\\\/wp-content\\\/uploads\\\/2024\\\/01\\\/SH-2025-modele-visuel-exposant-site-internet-salon-12.png&quot;}],&quot;background_slideshow_slide_transition&quot;:&quot;slide_left&quot;,&quot;background_slideshow_loop&quot;:&quot;yes&quot;,&quot;background_slideshow_slide_duration&quot;:5000,&quot;background_slideshow_transition_duration&quot;:500}\">\n\t\t\t<div class=\"elementor-widget-wrap elementor-element-populated\">\n\t\t\t\t\t\t<div class=\"elementor-element elementor-element-bfcf011 elementor-widget elementor-widget-spacer\" data-id=\"bfcf011\" data-element_type=\"widget\" data-widget_type=\"spacer.default\">\n\t\t\t\t<div class=\"elementor-widget-container\">\n\t\t\t\t\t\t\t<div class=\"elementor-spacer\">\n\t\t\t<div class=\"elementor-spacer-inner\"><\/div>\n\t\t<\/div>\n\t\t\t\t\t\t<\/div>\n\t\t\t\t<\/div>\n\t\t\t\t\t<\/div>\n\t\t<\/div>\n\t\t\t\t\t<\/div>\n\t\t<\/section>\n\t\t\t\t<section class=\"elementor-section elementor-top-section elementor-element elementor-element-52b7753b elementor-section-content-middle elementor-reverse-mobile elementor-section-height-min-height elementor-section-boxed elementor-section-height-default elementor-section-items-middle\" data-id=\"52b7753b\" data-element_type=\"section\" data-settings=\"{&quot;background_background&quot;:&quot;classic&quot;}\">\n\t\t\t\t\t\t<div class=\"elementor-container elementor-column-gap-no\">\n\t\t\t\t\t<div class=\"elementor-column elementor-col-50 elementor-top-column elementor-element elementor-element-6c5a290b\" data-id=\"6c5a290b\" data-element_type=\"column\" data-settings=\"{&quot;background_background&quot;:&quot;classic&quot;}\">\n\t\t\t<div class=\"elementor-widget-wrap elementor-element-populated\">\n\t\t\t\t\t\t<div class=\"elementor-element elementor-element-16547a1b elementor-widget elementor-widget-google_maps\" data-id=\"16547a1b\" data-element_type=\"widget\" data-widget_type=\"google_maps.default\">\n\t\t\t\t<div class=\"elementor-widget-container\">\n\t\t\t\t\t\t\t<div class=\"elementor-custom-embed\">\n\t\t\t<iframe loading=\"lazy\"\n\t\t\t\t\tsrc=\"https:\/\/maps.google.com\/maps?q=nexeau%20marcheprime&#038;t=m&#038;z=14&#038;output=embed&#038;iwloc=near\"\n\t\t\t\t\ttitle=\"nexeau marcheprime\"\n\t\t\t\t\taria-label=\"nexeau marcheprime\"\n\t\t\t><\/iframe>\n\t\t<\/div>\n\t\t\t\t\t\t<\/div>\n\t\t\t\t<\/div>\n\t\t\t\t\t<\/div>\n\t\t<\/div>\n\t\t\t\t<div class=\"elementor-column elementor-col-50 elementor-top-column elementor-element elementor-element-7ea73fef\" data-id=\"7ea73fef\" data-element_type=\"column\" data-settings=\"{&quot;background_background&quot;:&quot;classic&quot;}\">\n\t\t\t<div class=\"elementor-widget-wrap elementor-element-populated\">\n\t\t\t\t\t\t<div class=\"elementor-element elementor-element-1e64096 elementor-widget elementor-widget-heading\" data-id=\"1e64096\" data-element_type=\"widget\" data-widget_type=\"heading.default\">\n\t\t\t\t<div class=\"elementor-widget-container\">\n\t\t\t\t\t<h2 class=\"elementor-heading-title elementor-size-default\">STAND N\u00b0A14<\/h2>\t\t\t\t<\/div>\n\t\t\t\t<\/div>\n\t\t\t\t<div class=\"elementor-element elementor-element-4f33d433 elementor-icon-list--layout-traditional elementor-list-item-link-full_width elementor-widget elementor-widget-icon-list\" data-id=\"4f33d433\" data-element_type=\"widget\" data-widget_type=\"icon-list.default\">\n\t\t\t\t<div class=\"elementor-widget-container\">\n\t\t\t\t\t\t\t<ul class=\"elementor-icon-list-items\">\n\t\t\t\t\t\t\t<li class=\"elementor-icon-list-item\">\n\t\t\t\t\t\t\t\t\t\t\t<span class=\"elementor-icon-list-icon\">\n\t\t\t\t\t\t\t<i aria-hidden=\"true\" class=\"fas fa-phone\"><\/i>\t\t\t\t\t\t<\/span>\n\t\t\t\t\t\t\t\t\t\t<span class=\"elementor-icon-list-text\">07 56 80 17 94<\/span>\n\t\t\t\t\t\t\t\t\t<\/li>\n\t\t\t\t\t\t\t\t<li class=\"elementor-icon-list-item\">\n\t\t\t\t\t\t\t\t\t\t\t<a href=\"mailto:interventionsgironde@nexeau.fr\">\n\n\t\t\t\t\t\t\t\t\t\t\t\t<span class=\"elementor-icon-list-icon\">\n\t\t\t\t\t\t\t<i aria-hidden=\"true\" class=\"fas fa-envelope\"><\/i>\t\t\t\t\t\t<\/span>\n\t\t\t\t\t\t\t\t\t\t<span class=\"elementor-icon-list-text\">interventionsgironde@nexeau.fr<\/span>\n\t\t\t\t\t\t\t\t\t\t\t<\/a>\n\t\t\t\t\t\t\t\t\t<\/li>\n\t\t\t\t\t\t\t\t<li class=\"elementor-icon-list-item\">\n\t\t\t\t\t\t\t\t\t\t\t<a href=\"https:\/\/www.rcommerce.fr\/boutiques\/show\/ekoleau-1312\">\n\n\t\t\t\t\t\t\t\t\t\t\t\t<span class=\"elementor-icon-list-icon\">\n\t\t\t\t\t\t\t<i aria-hidden=\"true\" class=\"fas fa-link\"><\/i>\t\t\t\t\t\t<\/span>\n\t\t\t\t\t\t\t\t\t\t<span class=\"elementor-icon-list-text\">site internet<\/span>\n\t\t\t\t\t\t\t\t\t\t\t<\/a>\n\t\t\t\t\t\t\t\t\t<\/li>\n\t\t\t\t\t\t<\/ul>\n\t\t\t\t\t\t<\/div>\n\t\t\t\t<\/div>\n\t\t\t\t\t<\/div>\n\t\t<\/div>\n\t\t\t\t\t<\/div>\n\t\t<\/section>\n\t\t\t\t<section class=\"elementor-section elementor-top-section elementor-element elementor-element-2d88dc59 elementor-section-boxed elementor-section-height-default elementor-section-height-default\" data-id=\"2d88dc59\" data-element_type=\"section\">\n\t\t\t\t\t\t<div class=\"elementor-container elementor-column-gap-default\">\n\t\t\t\t\t<div class=\"elementor-column elementor-col-100 elementor-top-column elementor-element elementor-element-73ee5c15\" data-id=\"73ee5c15\" data-element_type=\"column\">\n\t\t\t<div class=\"elementor-widget-wrap elementor-element-populated\">\n\t\t\t\t\t\t<div class=\"elementor-element elementor-element-31efcee3 elementor-widget elementor-widget-spacer\" data-id=\"31efcee3\" data-element_type=\"widget\" data-widget_type=\"spacer.default\">\n\t\t\t\t<div class=\"elementor-widget-container\">\n\t\t\t\t\t\t\t<div class=\"elementor-spacer\">\n\t\t\t<div class=\"elementor-spacer-inner\"><\/div>\n\t\t<\/div>\n\t\t\t\t\t\t<\/div>\n\t\t\t\t<\/div>\n\t\t\t\t\t<\/div>\n\t\t<\/div>\n\t\t\t\t\t<\/div>\n\t\t<\/section>\n\t\t\t\t<section class=\"elementor-section elementor-top-section elementor-element elementor-element-22d2053b elementor-section-boxed elementor-section-height-default elementor-section-height-default\" data-id=\"22d2053b\" data-element_type=\"section\">\n\t\t\t\t\t\t<div class=\"elementor-container elementor-column-gap-default\">\n\t\t\t\t\t<div class=\"elementor-column elementor-col-100 elementor-top-column elementor-element elementor-element-7ceef555\" data-id=\"7ceef555\" data-element_type=\"column\">\n\t\t\t<div class=\"elementor-widget-wrap elementor-element-populated\">\n\t\t\t\t\t\t<div class=\"elementor-element elementor-element-47e4fd25 elementor-widget elementor-widget-heading\" data-id=\"47e4fd25\" data-element_type=\"widget\" data-widget_type=\"heading.default\">\n\t\t\t\t<div class=\"elementor-widget-container\">\n\t\t\t\t\t<h2 class=\"elementor-heading-title elementor-size-default\">RETROUVEZ-nous SUR LE SALON<\/h2>\t\t\t\t<\/div>\n\t\t\t\t<\/div>\n\t\t\t\t<div class=\"elementor-element elementor-element-369b6533 elementor-widget elementor-widget-image\" data-id=\"369b6533\" data-element_type=\"widget\" data-widget_type=\"image.default\">\n\t\t\t\t<div class=\"elementor-widget-container\">\n\t\t\t\t\t\t\t\t\t\t\t\t\t\t\t<img fetchpriority=\"high\" decoding=\"async\" width=\"1024\" height=\"576\" src=\"https:\/\/www.salonhabitatdeco.fr\/wp-content\/uploads\/2025\/03\/A14-1024x576.jpg\" class=\"attachment-large size-large wp-image-4286\" alt=\"\" srcset=\"https:\/\/www.salonhabitatdeco.fr\/wp-content\/uploads\/2025\/03\/A14-1024x576.jpg 1024w, https:\/\/www.salonhabitatdeco.fr\/wp-content\/uploads\/2025\/03\/A14-300x169.jpg 300w, https:\/\/www.salonhabitatdeco.fr\/wp-content\/uploads\/2025\/03\/A14-768x432.jpg 768w, https:\/\/www.salonhabitatdeco.fr\/wp-content\/uploads\/2025\/03\/A14-1536x864.jpg 1536w, https:\/\/www.salonhabitatdeco.fr\/wp-content\/uploads\/2025\/03\/A14.jpg 1920w\" sizes=\"(max-width: 1024px) 100vw, 1024px\" \/>\t\t\t\t\t\t\t\t\t\t\t\t\t\t\t<\/div>\n\t\t\t\t<\/div>\n\t\t\t\t\t<\/div>\n\t\t<\/div>\n\t\t\t\t\t<\/div>\n\t\t<\/section>\n\t\t\t\t<section class=\"elementor-section elementor-top-section elementor-element elementor-element-1ac0491c elementor-section-boxed elementor-section-height-default elementor-section-height-default\" data-id=\"1ac0491c\" data-element_type=\"section\">\n\t\t\t\t\t\t<div class=\"elementor-container elementor-column-gap-default\">\n\t\t\t\t\t<div class=\"elementor-column elementor-col-100 elementor-top-column elementor-element elementor-element-4bccdd54\" data-id=\"4bccdd54\" data-element_type=\"column\">\n\t\t\t<div class=\"elementor-widget-wrap elementor-element-populated\">\n\t\t\t\t\t\t<div class=\"elementor-element elementor-element-46215342 elementor-widget elementor-widget-spacer\" data-id=\"46215342\" data-element_type=\"widget\" data-widget_type=\"spacer.default\">\n\t\t\t\t<div class=\"elementor-widget-container\">\n\t\t\t\t\t\t\t<div class=\"elementor-spacer\">\n\t\t\t<div class=\"elementor-spacer-inner\"><\/div>\n\t\t<\/div>\n\t\t\t\t\t\t<\/div>\n\t\t\t\t<\/div>\n\t\t\t\t\t<\/div>\n\t\t<\/div>\n\t\t\t\t\t<\/div>\n\t\t<\/section>\n\t\t\t\t<\/div>\n\t\t","protected":false},"excerpt":{"rendered":"<p>NEXEAUrecherche de fuite NEXEAU &#8211; Recherche de fuites \u00e0 Marcheprime 33380 R\u00e9seau National Chercheurs de fuites d&rsquo;eau : d\u00e9g\u00e2ts des eaux, surconsommation, infiltrations, odeurs et humidit\u00e9, \u00e9tanch\u00e9it\u00e9 piscine et toit-terrasse. STAND N\u00b0A14 07 56 80 17 94 interventionsgironde@nexeau.fr site internet RETROUVEZ-nous SUR LE SALON<\/p>\n","protected":false},"author":1,"featured_media":0,"comment_status":"open","ping_status":"open","sticky":false,"template":"","format":"standard","meta":{"om_disable_all_campaigns":false,"_monsterinsights_skip_tracking":false,"_monsterinsights_sitenote_active":false,"_monsterinsights_sitenote_note":"","_monsterinsights_sitenote_category":0,"_uf_show_specific_survey":0,"_uf_disable_surveys":false,"footnotes":""},"categories":[42],"tags":[],"aioseo_notices":[],"yoast_head":"<!-- This site is optimized with the Yoast SEO plugin v21.2 - https:\/\/yoast.com\/wordpress\/plugins\/seo\/ -->\n<title>NEXEAU - Salon de l&#039;Habitat et de la D\u00e9coration du Val de l&#039;Eyre<\/title>\n<meta name=\"robots\" content=\"index, follow, max-snippet:-1, max-image-preview:large, max-video-preview:-1\" \/>\n<link rel=\"canonical\" href=\"https:\/\/www.salonhabitatdeco.fr\/index.php\/2024\/01\/22\/nexeau\/\" \/>\n<meta property=\"og:locale\" content=\"fr_FR\" \/>\n<meta property=\"og:type\" content=\"article\" \/>\n<meta property=\"og:title\" content=\"NEXEAU - Salon de l&#039;Habitat et de la D\u00e9coration du Val de l&#039;Eyre\" \/>\n<meta property=\"og:description\" content=\"NEXEAUrecherche de fuite NEXEAU &#8211; Recherche de fuites \u00e0 Marcheprime 33380 R\u00e9seau National Chercheurs de fuites d&rsquo;eau : d\u00e9g\u00e2ts des eaux, surconsommation, infiltrations, odeurs et humidit\u00e9, \u00e9tanch\u00e9it\u00e9 piscine et toit-terrasse. STAND N\u00b0A14 07 56 80 17 94 interventionsgironde@nexeau.fr site internet RETROUVEZ-nous SUR LE SALON\" \/>\n<meta property=\"og:url\" content=\"https:\/\/www.salonhabitatdeco.fr\/index.php\/2024\/01\/22\/nexeau\/\" \/>\n<meta property=\"og:site_name\" content=\"Salon de l&#039;Habitat et de la D\u00e9coration du Val de l&#039;Eyre\" \/>\n<meta property=\"article:publisher\" content=\"https:\/\/www.facebook.com\/salonhabitatbarp\" \/>\n<meta property=\"article:published_time\" content=\"2024-01-22T15:45:05+00:00\" \/>\n<meta property=\"article:modified_time\" content=\"2025-03-19T09:56:09+00:00\" \/>\n<meta property=\"og:image\" content=\"https:\/\/www.salonhabitatdeco.fr\/wp-content\/uploads\/2024\/01\/dd2cc5e5b08cbef6338cfb77ee5f50d9.webp\" \/>\n<meta name=\"author\" content=\"admin9982\" \/>\n<meta name=\"twitter:card\" content=\"summary_large_image\" \/>\n<meta name=\"twitter:label1\" content=\"\u00c9crit par\" \/>\n\t<meta name=\"twitter:data1\" content=\"admin9982\" \/>\n<script type=\"application\/ld+json\" class=\"yoast-schema-graph\">{\"@context\":\"https:\/\/schema.org\",\"@graph\":[{\"@type\":\"Article\",\"@id\":\"https:\/\/www.salonhabitatdeco.fr\/index.php\/2024\/01\/22\/nexeau\/#article\",\"isPartOf\":{\"@id\":\"https:\/\/www.salonhabitatdeco.fr\/index.php\/2024\/01\/22\/nexeau\/\"},\"author\":{\"name\":\"admin9982\",\"@id\":\"https:\/\/www.salonhabitatdeco.fr\/#\/schema\/person\/a72c2c457fc0f86e92bc4c6dc84aeca1\"},\"headline\":\"NEXEAU\",\"datePublished\":\"2024-01-22T15:45:05+00:00\",\"dateModified\":\"2025-03-19T09:56:09+00:00\",\"mainEntityOfPage\":{\"@id\":\"https:\/\/www.salonhabitatdeco.fr\/index.php\/2024\/01\/22\/nexeau\/\"},\"wordCount\":44,\"commentCount\":0,\"publisher\":{\"@id\":\"https:\/\/www.salonhabitatdeco.fr\/#organization\"},\"articleSection\":[\"PISCINE - JARDIN\"],\"inLanguage\":\"fr-FR\",\"potentialAction\":[{\"@type\":\"CommentAction\",\"name\":\"Comment\",\"target\":[\"https:\/\/www.salonhabitatdeco.fr\/index.php\/2024\/01\/22\/nexeau\/#respond\"]}]},{\"@type\":\"WebPage\",\"@id\":\"https:\/\/www.salonhabitatdeco.fr\/index.php\/2024\/01\/22\/nexeau\/\",\"url\":\"https:\/\/www.salonhabitatdeco.fr\/index.php\/2024\/01\/22\/nexeau\/\",\"name\":\"NEXEAU - Salon de l&#039;Habitat et de la D\u00e9coration du Val de l&#039;Eyre\",\"isPartOf\":{\"@id\":\"https:\/\/www.salonhabitatdeco.fr\/#website\"},\"datePublished\":\"2024-01-22T15:45:05+00:00\",\"dateModified\":\"2025-03-19T09:56:09+00:00\",\"breadcrumb\":{\"@id\":\"https:\/\/www.salonhabitatdeco.fr\/index.php\/2024\/01\/22\/nexeau\/#breadcrumb\"},\"inLanguage\":\"fr-FR\",\"potentialAction\":[{\"@type\":\"ReadAction\",\"target\":[\"https:\/\/www.salonhabitatdeco.fr\/index.php\/2024\/01\/22\/nexeau\/\"]}]},{\"@type\":\"BreadcrumbList\",\"@id\":\"https:\/\/www.salonhabitatdeco.fr\/index.php\/2024\/01\/22\/nexeau\/#breadcrumb\",\"itemListElement\":[{\"@type\":\"ListItem\",\"position\":1,\"name\":\"Accueil\",\"item\":\"https:\/\/www.salonhabitatdeco.fr\/\"},{\"@type\":\"ListItem\",\"position\":2,\"name\":\"NEXEAU\"}]},{\"@type\":\"WebSite\",\"@id\":\"https:\/\/www.salonhabitatdeco.fr\/#website\",\"url\":\"https:\/\/www.salonhabitatdeco.fr\/\",\"name\":\"Salon de l&#039;Habitat et de la D\u00e9coration du Val de l&#039;Eyre\",\"description\":\"\",\"publisher\":{\"@id\":\"https:\/\/www.salonhabitatdeco.fr\/#organization\"},\"potentialAction\":[{\"@type\":\"SearchAction\",\"target\":{\"@type\":\"EntryPoint\",\"urlTemplate\":\"https:\/\/www.salonhabitatdeco.fr\/?s={search_term_string}\"},\"query-input\":\"required name=search_term_string\"}],\"inLanguage\":\"fr-FR\"},{\"@type\":\"Organization\",\"@id\":\"https:\/\/www.salonhabitatdeco.fr\/#organization\",\"name\":\"Salon de l&#039;Habitat et de la D\u00e9coration du Val de l&#039;Eyre\",\"url\":\"https:\/\/www.salonhabitatdeco.fr\/\",\"logo\":{\"@type\":\"ImageObject\",\"inLanguage\":\"fr-FR\",\"@id\":\"https:\/\/www.salonhabitatdeco.fr\/#\/schema\/logo\/image\/\",\"url\":\"\",\"contentUrl\":\"\",\"caption\":\"Salon de l&#039;Habitat et de la D\u00e9coration du Val de l&#039;Eyre\"},\"image\":{\"@id\":\"https:\/\/www.salonhabitatdeco.fr\/#\/schema\/logo\/image\/\"},\"sameAs\":[\"https:\/\/www.facebook.com\/salonhabitatbarp\"]},{\"@type\":\"Person\",\"@id\":\"https:\/\/www.salonhabitatdeco.fr\/#\/schema\/person\/a72c2c457fc0f86e92bc4c6dc84aeca1\",\"name\":\"admin9982\",\"image\":{\"@type\":\"ImageObject\",\"inLanguage\":\"fr-FR\",\"@id\":\"https:\/\/www.salonhabitatdeco.fr\/#\/schema\/person\/image\/\",\"url\":\"https:\/\/secure.gravatar.com\/avatar\/66b8f9fbaa6ee697bf33a3191e31f104?s=96&d=mm&r=g\",\"contentUrl\":\"https:\/\/secure.gravatar.com\/avatar\/66b8f9fbaa6ee697bf33a3191e31f104?s=96&d=mm&r=g\",\"caption\":\"admin9982\"},\"sameAs\":[\"http:\/\/salonhabitatdeco.fr\"],\"url\":\"https:\/\/www.salonhabitatdeco.fr\/index.php\/author\/admin9982\/\"}]}<\/script>\n<!-- \/ Yoast SEO plugin. -->","yoast_head_json":{"title":"NEXEAU - Salon de l&#039;Habitat et de la D\u00e9coration du Val de l&#039;Eyre","robots":{"index":"index","follow":"follow","max-snippet":"max-snippet:-1","max-image-preview":"max-image-preview:large","max-video-preview":"max-video-preview:-1"},"canonical":"https:\/\/www.salonhabitatdeco.fr\/index.php\/2024\/01\/22\/nexeau\/","og_locale":"fr_FR","og_type":"article","og_title":"NEXEAU - Salon de l&#039;Habitat et de la D\u00e9coration du Val de l&#039;Eyre","og_description":"NEXEAUrecherche de fuite NEXEAU &#8211; Recherche de fuites \u00e0 Marcheprime 33380 R\u00e9seau National Chercheurs de fuites d&rsquo;eau : d\u00e9g\u00e2ts des eaux, surconsommation, infiltrations, odeurs et humidit\u00e9, \u00e9tanch\u00e9it\u00e9 piscine et toit-terrasse. STAND N\u00b0A14 07 56 80 17 94 interventionsgironde@nexeau.fr site internet RETROUVEZ-nous SUR LE SALON","og_url":"https:\/\/www.salonhabitatdeco.fr\/index.php\/2024\/01\/22\/nexeau\/","og_site_name":"Salon de l&#039;Habitat et de la D\u00e9coration du Val de l&#039;Eyre","article_publisher":"https:\/\/www.facebook.com\/salonhabitatbarp","article_published_time":"2024-01-22T15:45:05+00:00","article_modified_time":"2025-03-19T09:56:09+00:00","og_image":[{"url":"https:\/\/www.salonhabitatdeco.fr\/wp-content\/uploads\/2024\/01\/dd2cc5e5b08cbef6338cfb77ee5f50d9.webp"}],"author":"admin9982","twitter_card":"summary_large_image","twitter_misc":{"\u00c9crit par":"admin9982"},"schema":{"@context":"https:\/\/schema.org","@graph":[{"@type":"Article","@id":"https:\/\/www.salonhabitatdeco.fr\/index.php\/2024\/01\/22\/nexeau\/#article","isPartOf":{"@id":"https:\/\/www.salonhabitatdeco.fr\/index.php\/2024\/01\/22\/nexeau\/"},"author":{"name":"admin9982","@id":"https:\/\/www.salonhabitatdeco.fr\/#\/schema\/person\/a72c2c457fc0f86e92bc4c6dc84aeca1"},"headline":"NEXEAU","datePublished":"2024-01-22T15:45:05+00:00","dateModified":"2025-03-19T09:56:09+00:00","mainEntityOfPage":{"@id":"https:\/\/www.salonhabitatdeco.fr\/index.php\/2024\/01\/22\/nexeau\/"},"wordCount":44,"commentCount":0,"publisher":{"@id":"https:\/\/www.salonhabitatdeco.fr\/#organization"},"articleSection":["PISCINE - JARDIN"],"inLanguage":"fr-FR","potentialAction":[{"@type":"CommentAction","name":"Comment","target":["https:\/\/www.salonhabitatdeco.fr\/index.php\/2024\/01\/22\/nexeau\/#respond"]}]},{"@type":"WebPage","@id":"https:\/\/www.salonhabitatdeco.fr\/index.php\/2024\/01\/22\/nexeau\/","url":"https:\/\/www.salonhabitatdeco.fr\/index.php\/2024\/01\/22\/nexeau\/","name":"NEXEAU - Salon de l&#039;Habitat et de la D\u00e9coration du Val de l&#039;Eyre","isPartOf":{"@id":"https:\/\/www.salonhabitatdeco.fr\/#website"},"datePublished":"2024-01-22T15:45:05+00:00","dateModified":"2025-03-19T09:56:09+00:00","breadcrumb":{"@id":"https:\/\/www.salonhabitatdeco.fr\/index.php\/2024\/01\/22\/nexeau\/#breadcrumb"},"inLanguage":"fr-FR","potentialAction":[{"@type":"ReadAction","target":["https:\/\/www.salonhabitatdeco.fr\/index.php\/2024\/01\/22\/nexeau\/"]}]},{"@type":"BreadcrumbList","@id":"https:\/\/www.salonhabitatdeco.fr\/index.php\/2024\/01\/22\/nexeau\/#breadcrumb","itemListElement":[{"@type":"ListItem","position":1,"name":"Accueil","item":"https:\/\/www.salonhabitatdeco.fr\/"},{"@type":"ListItem","position":2,"name":"NEXEAU"}]},{"@type":"WebSite","@id":"https:\/\/www.salonhabitatdeco.fr\/#website","url":"https:\/\/www.salonhabitatdeco.fr\/","name":"Salon de l&#039;Habitat et de la D\u00e9coration du Val de l&#039;Eyre","description":"","publisher":{"@id":"https:\/\/www.salonhabitatdeco.fr\/#organization"},"potentialAction":[{"@type":"SearchAction","target":{"@type":"EntryPoint","urlTemplate":"https:\/\/www.salonhabitatdeco.fr\/?s={search_term_string}"},"query-input":"required name=search_term_string"}],"inLanguage":"fr-FR"},{"@type":"Organization","@id":"https:\/\/www.salonhabitatdeco.fr\/#organization","name":"Salon de l&#039;Habitat et de la D\u00e9coration du Val de l&#039;Eyre","url":"https:\/\/www.salonhabitatdeco.fr\/","logo":{"@type":"ImageObject","inLanguage":"fr-FR","@id":"https:\/\/www.salonhabitatdeco.fr\/#\/schema\/logo\/image\/","url":"","contentUrl":"","caption":"Salon de l&#039;Habitat et de la D\u00e9coration du Val de l&#039;Eyre"},"image":{"@id":"https:\/\/www.salonhabitatdeco.fr\/#\/schema\/logo\/image\/"},"sameAs":["https:\/\/www.facebook.com\/salonhabitatbarp"]},{"@type":"Person","@id":"https:\/\/www.salonhabitatdeco.fr\/#\/schema\/person\/a72c2c457fc0f86e92bc4c6dc84aeca1","name":"admin9982","image":{"@type":"ImageObject","inLanguage":"fr-FR","@id":"https:\/\/www.salonhabitatdeco.fr\/#\/schema\/person\/image\/","url":"https:\/\/secure.gravatar.com\/avatar\/66b8f9fbaa6ee697bf33a3191e31f104?s=96&d=mm&r=g","contentUrl":"https:\/\/secure.gravatar.com\/avatar\/66b8f9fbaa6ee697bf33a3191e31f104?s=96&d=mm&r=g","caption":"admin9982"},"sameAs":["http:\/\/salonhabitatdeco.fr"],"url":"https:\/\/www.salonhabitatdeco.fr\/index.php\/author\/admin9982\/"}]}},"_links":{"self":[{"href":"https:\/\/www.salonhabitatdeco.fr\/index.php\/wp-json\/wp\/v2\/posts\/3461"}],"collection":[{"href":"https:\/\/www.salonhabitatdeco.fr\/index.php\/wp-json\/wp\/v2\/posts"}],"about":[{"href":"https:\/\/www.salonhabitatdeco.fr\/index.php\/wp-json\/wp\/v2\/types\/post"}],"author":[{"embeddable":true,"href":"https:\/\/www.salonhabitatdeco.fr\/index.php\/wp-json\/wp\/v2\/users\/1"}],"replies":[{"embeddable":true,"href":"https:\/\/www.salonhabitatdeco.fr\/index.php\/wp-json\/wp\/v2\/comments?post=3461"}],"version-history":[{"count":14,"href":"https:\/\/www.salonhabitatdeco.fr\/index.php\/wp-json\/wp\/v2\/posts\/3461\/revisions"}],"predecessor-version":[{"id":4824,"href":"https:\/\/www.salonhabitatdeco.fr\/index.php\/wp-json\/wp\/v2\/posts\/3461\/revisions\/4824"}],"wp:attachment":[{"href":"https:\/\/www.salonhabitatdeco.fr\/index.php\/wp-json\/wp\/v2\/media?parent=3461"}],"wp:term":[{"taxonomy":"category","embeddable":true,"href":"https:\/\/www.salonhabitatdeco.fr\/index.php\/wp-json\/wp\/v2\/categories?post=3461"},{"taxonomy":"post_tag","embeddable":true,"href":"https:\/\/www.salonhabitatdeco.fr\/index.php\/wp-json\/wp\/v2\/tags?post=3461"}],"curies":[{"name":"wp","href":"https:\/\/api.w.org\/{rel}","templated":true}]}}