{"id":3467,"date":"2024-01-22T17:01:30","date_gmt":"2024-01-22T16:01:30","guid":{"rendered":"https:\/\/www.salonhabitatdeco.fr\/?p=3467"},"modified":"2025-03-12T16:20:55","modified_gmt":"2025-03-12T15:20:55","slug":"diag-immo-services","status":"publish","type":"post","link":"https:\/\/www.salonhabitatdeco.fr\/index.php\/2024\/01\/22\/diag-immo-services\/","title":{"rendered":"DIAG&rsquo;IMMO SERVICES"},"content":{"rendered":"\t\t<div data-elementor-type=\"wp-post\" data-elementor-id=\"3467\" class=\"elementor elementor-3467\" data-elementor-post-type=\"post\">\n\t\t\t\t\t\t<section class=\"elementor-section elementor-top-section elementor-element elementor-element-29200ad4 elementor-section-boxed elementor-section-height-default elementor-section-height-default\" data-id=\"29200ad4\" data-element_type=\"section\" data-settings=\"{&quot;background_background&quot;:&quot;classic&quot;}\">\n\t\t\t\t\t\t<div class=\"elementor-container elementor-column-gap-default\">\n\t\t\t\t\t<div class=\"elementor-column elementor-col-100 elementor-top-column elementor-element elementor-element-7f1129b1\" data-id=\"7f1129b1\" data-element_type=\"column\">\n\t\t\t<div class=\"elementor-widget-wrap elementor-element-populated\">\n\t\t\t\t\t\t<div class=\"elementor-element elementor-element-3b5c0f53 elementor-widget elementor-widget-heading\" data-id=\"3b5c0f53\" data-element_type=\"widget\" data-widget_type=\"heading.default\">\n\t\t\t\t<div class=\"elementor-widget-container\">\n\t\t\t\t\t<h1 class=\"elementor-heading-title elementor-size-large\">DIAG'IMMO SERVICES<br>diagnostic immobilier<\/h1>\t\t\t\t<\/div>\n\t\t\t\t<\/div>\n\t\t\t\t\t<\/div>\n\t\t<\/div>\n\t\t\t\t\t<\/div>\n\t\t<\/section>\n\t\t\t\t<section class=\"elementor-section elementor-top-section elementor-element elementor-element-65d221a elementor-section-content-top elementor-section-height-min-height elementor-section-boxed elementor-section-height-default elementor-section-items-middle\" data-id=\"65d221a\" data-element_type=\"section\">\n\t\t\t\t\t\t<div class=\"elementor-container elementor-column-gap-no\">\n\t\t\t\t\t<div class=\"elementor-column elementor-col-50 elementor-top-column elementor-element elementor-element-7cbc140d\" data-id=\"7cbc140d\" data-element_type=\"column\" data-settings=\"{&quot;background_background&quot;:&quot;classic&quot;}\">\n\t\t\t<div class=\"elementor-widget-wrap elementor-element-populated\">\n\t\t\t\t\t\t<div class=\"elementor-element elementor-element-d51cc79 elementor-widget elementor-widget-image\" data-id=\"d51cc79\" data-element_type=\"widget\" data-widget_type=\"image.default\">\n\t\t\t\t<div class=\"elementor-widget-container\">\n\t\t\t\t\t\t\t\t\t\t\t\t\t\t\t<img decoding=\"async\" width=\"90\" height=\"90\" src=\"https:\/\/www.salonhabitatdeco.fr\/wp-content\/uploads\/2024\/01\/6e9ed699a521954b04b626d0b0643ebd.webp\" class=\"attachment-thumbnail size-thumbnail wp-image-4601\" alt=\"\" \/>\t\t\t\t\t\t\t\t\t\t\t\t\t\t\t<\/div>\n\t\t\t\t<\/div>\n\t\t\t\t<div class=\"elementor-element elementor-element-5636934d elementor-widget elementor-widget-text-editor\" data-id=\"5636934d\" data-element_type=\"widget\" data-widget_type=\"text-editor.default\">\n\t\t\t\t<div class=\"elementor-widget-container\">\n\t\t\t\t\t\t\t\t\t<p>Diag&rsquo;immo Services &#8211; diagnostics immobiliers \u00e0 Salles 33770<\/p>\n<p>Entreprise salloise sp\u00e9cialis\u00e9e dans les&nbsp;<b>diagnostics immobiliers obligatoires<\/b>&nbsp;lors d&rsquo;une vente ou d&rsquo;une location.&nbsp;<span style=\"font-style: inherit; font-weight: inherit; background-color: var( --e-global-color-primary );\">J&rsquo;\u00e9value l&rsquo;\u00e9tat de votre bien afin de prot\u00e9ger la sant\u00e9 et la s\u00e9curit\u00e9 de ses occupants.&nbsp;<\/span><\/p>\n<p><span style=\"font-style: inherit; font-weight: inherit; background-color: var( --e-global-color-primary );\">J&rsquo;interviens dans la r<\/span><b style=\"font-style: inherit; background-color: var( --e-global-color-primary );\">echerche de plomb dans les peintures&nbsp;<\/b><span style=\"font-style: inherit; font-weight: inherit; background-color: var( --e-global-color-primary );\">mais aussi de mat\u00e9riaux et produits contenant de l&rsquo;amiante, \u00e9value l&rsquo;\u00e9tat des installations int\u00e9rieures gaz et \u00e9lectricit\u00e9 et recherche la pr\u00e9sence de termites.&nbsp;<\/span><\/p><p><span style=\"font-style: inherit; font-weight: inherit;\">Je r\u00e9alise \u00e9galement le DPE &#8211; Diagnostic de Performance Energ\u00e9tique &#8211; ainsi que le mesurage de la surface habitable selon la loi Carrez et la loi Boutin.<\/span><\/p>\n<p>Rigueur, R\u00e9activit\u00e9 et Professionnalisme sont les fondamentaux de Diag&rsquo;immo Services.<\/p>\t\t\t\t\t\t\t\t<\/div>\n\t\t\t\t<\/div>\n\t\t\t\t\t<\/div>\n\t\t<\/div>\n\t\t\t\t<div class=\"elementor-column elementor-col-50 elementor-top-column elementor-element elementor-element-2b173394\" data-id=\"2b173394\" data-element_type=\"column\" data-settings=\"{&quot;background_background&quot;:&quot;slideshow&quot;,&quot;background_slideshow_gallery&quot;:[{&quot;id&quot;:4602,&quot;url&quot;:&quot;https:\\\/\\\/www.salonhabitatdeco.fr\\\/wp-content\\\/uploads\\\/2024\\\/01\\\/SH-2025-modele-visuel-exposant-site-internet-salon.png&quot;}],&quot;background_slideshow_slide_transition&quot;:&quot;slide_left&quot;,&quot;background_slideshow_loop&quot;:&quot;yes&quot;,&quot;background_slideshow_slide_duration&quot;:5000,&quot;background_slideshow_transition_duration&quot;:500}\">\n\t\t\t<div class=\"elementor-widget-wrap elementor-element-populated\">\n\t\t\t\t\t\t<div class=\"elementor-element elementor-element-53247dc5 elementor-widget elementor-widget-spacer\" data-id=\"53247dc5\" data-element_type=\"widget\" data-widget_type=\"spacer.default\">\n\t\t\t\t<div class=\"elementor-widget-container\">\n\t\t\t\t\t\t\t<div class=\"elementor-spacer\">\n\t\t\t<div class=\"elementor-spacer-inner\"><\/div>\n\t\t<\/div>\n\t\t\t\t\t\t<\/div>\n\t\t\t\t<\/div>\n\t\t\t\t\t<\/div>\n\t\t<\/div>\n\t\t\t\t\t<\/div>\n\t\t<\/section>\n\t\t\t\t<section class=\"elementor-section elementor-top-section elementor-element elementor-element-45787b98 elementor-section-content-middle elementor-reverse-mobile elementor-section-height-min-height elementor-section-boxed elementor-section-height-default elementor-section-items-middle\" data-id=\"45787b98\" data-element_type=\"section\" data-settings=\"{&quot;background_background&quot;:&quot;classic&quot;}\">\n\t\t\t\t\t\t<div class=\"elementor-container elementor-column-gap-no\">\n\t\t\t\t\t<div class=\"elementor-column elementor-col-50 elementor-top-column elementor-element elementor-element-3be9e85d\" data-id=\"3be9e85d\" data-element_type=\"column\" data-settings=\"{&quot;background_background&quot;:&quot;classic&quot;}\">\n\t\t\t<div class=\"elementor-widget-wrap elementor-element-populated\">\n\t\t\t\t\t\t<div class=\"elementor-element elementor-element-72dd042d elementor-widget elementor-widget-google_maps\" data-id=\"72dd042d\" data-element_type=\"widget\" data-widget_type=\"google_maps.default\">\n\t\t\t\t<div class=\"elementor-widget-container\">\n\t\t\t\t\t\t\t<div class=\"elementor-custom-embed\">\n\t\t\t<iframe loading=\"lazy\"\n\t\t\t\t\tsrc=\"https:\/\/maps.google.com\/maps?q=Diag%27immo%20Services&#038;t=m&#038;z=14&#038;output=embed&#038;iwloc=near\"\n\t\t\t\t\ttitle=\"Diag&#039;immo Services\"\n\t\t\t\t\taria-label=\"Diag&#039;immo Services\"\n\t\t\t><\/iframe>\n\t\t<\/div>\n\t\t\t\t\t\t<\/div>\n\t\t\t\t<\/div>\n\t\t\t\t\t<\/div>\n\t\t<\/div>\n\t\t\t\t<div class=\"elementor-column elementor-col-50 elementor-top-column elementor-element elementor-element-3a52378e\" data-id=\"3a52378e\" data-element_type=\"column\" data-settings=\"{&quot;background_background&quot;:&quot;classic&quot;}\">\n\t\t\t<div class=\"elementor-widget-wrap elementor-element-populated\">\n\t\t\t\t\t\t<div class=\"elementor-element elementor-element-649d6e2e elementor-widget elementor-widget-heading\" data-id=\"649d6e2e\" data-element_type=\"widget\" data-widget_type=\"heading.default\">\n\t\t\t\t<div class=\"elementor-widget-container\">\n\t\t\t\t\t<h2 class=\"elementor-heading-title elementor-size-default\">STAND N\u00b0A23<\/h2>\t\t\t\t<\/div>\n\t\t\t\t<\/div>\n\t\t\t\t<div class=\"elementor-element elementor-element-15cc4715 elementor-icon-list--layout-traditional elementor-list-item-link-full_width elementor-widget elementor-widget-icon-list\" data-id=\"15cc4715\" data-element_type=\"widget\" data-widget_type=\"icon-list.default\">\n\t\t\t\t<div class=\"elementor-widget-container\">\n\t\t\t\t\t\t\t<ul class=\"elementor-icon-list-items\">\n\t\t\t\t\t\t\t<li class=\"elementor-icon-list-item\">\n\t\t\t\t\t\t\t\t\t\t\t<span class=\"elementor-icon-list-icon\">\n\t\t\t\t\t\t\t<i aria-hidden=\"true\" class=\"fas fa-phone\"><\/i>\t\t\t\t\t\t<\/span>\n\t\t\t\t\t\t\t\t\t\t<span class=\"elementor-icon-list-text\">06 63 95 70 93<\/span>\n\t\t\t\t\t\t\t\t\t<\/li>\n\t\t\t\t\t\t\t\t<li class=\"elementor-icon-list-item\">\n\t\t\t\t\t\t\t\t\t\t\t<a href=\"mailto:disleflot@gmail.com\">\n\n\t\t\t\t\t\t\t\t\t\t\t\t<span class=\"elementor-icon-list-icon\">\n\t\t\t\t\t\t\t<i aria-hidden=\"true\" class=\"fas fa-envelope\"><\/i>\t\t\t\t\t\t<\/span>\n\t\t\t\t\t\t\t\t\t\t<span class=\"elementor-icon-list-text\">disleflot@gmail.com<\/span>\n\t\t\t\t\t\t\t\t\t\t\t<\/a>\n\t\t\t\t\t\t\t\t\t<\/li>\n\t\t\t\t\t\t\t\t<li class=\"elementor-icon-list-item\">\n\t\t\t\t\t\t\t\t\t\t\t<a href=\"https:\/\/www.rcommerce.fr\/boutiques\/show\/diagimmo-services-1292\">\n\n\t\t\t\t\t\t\t\t\t\t\t\t<span class=\"elementor-icon-list-icon\">\n\t\t\t\t\t\t\t<i aria-hidden=\"true\" class=\"fas fa-link\"><\/i>\t\t\t\t\t\t<\/span>\n\t\t\t\t\t\t\t\t\t\t<span class=\"elementor-icon-list-text\">site internet<\/span>\n\t\t\t\t\t\t\t\t\t\t\t<\/a>\n\t\t\t\t\t\t\t\t\t<\/li>\n\t\t\t\t\t\t<\/ul>\n\t\t\t\t\t\t<\/div>\n\t\t\t\t<\/div>\n\t\t\t\t\t<\/div>\n\t\t<\/div>\n\t\t\t\t\t<\/div>\n\t\t<\/section>\n\t\t\t\t<section class=\"elementor-section elementor-top-section elementor-element elementor-element-28f9273b elementor-section-boxed elementor-section-height-default elementor-section-height-default\" data-id=\"28f9273b\" data-element_type=\"section\">\n\t\t\t\t\t\t<div class=\"elementor-container elementor-column-gap-default\">\n\t\t\t\t\t<div class=\"elementor-column elementor-col-100 elementor-top-column elementor-element elementor-element-a93038d\" data-id=\"a93038d\" data-element_type=\"column\">\n\t\t\t<div class=\"elementor-widget-wrap elementor-element-populated\">\n\t\t\t\t\t\t<div class=\"elementor-element elementor-element-60deb66a elementor-widget elementor-widget-spacer\" data-id=\"60deb66a\" data-element_type=\"widget\" data-widget_type=\"spacer.default\">\n\t\t\t\t<div class=\"elementor-widget-container\">\n\t\t\t\t\t\t\t<div class=\"elementor-spacer\">\n\t\t\t<div class=\"elementor-spacer-inner\"><\/div>\n\t\t<\/div>\n\t\t\t\t\t\t<\/div>\n\t\t\t\t<\/div>\n\t\t\t\t\t<\/div>\n\t\t<\/div>\n\t\t\t\t\t<\/div>\n\t\t<\/section>\n\t\t\t\t<section class=\"elementor-section elementor-top-section elementor-element elementor-element-2ffa0231 elementor-section-boxed elementor-section-height-default elementor-section-height-default\" data-id=\"2ffa0231\" data-element_type=\"section\">\n\t\t\t\t\t\t<div class=\"elementor-container elementor-column-gap-default\">\n\t\t\t\t\t<div class=\"elementor-column elementor-col-100 elementor-top-column elementor-element elementor-element-42950119\" data-id=\"42950119\" data-element_type=\"column\">\n\t\t\t<div class=\"elementor-widget-wrap elementor-element-populated\">\n\t\t\t\t\t\t<div class=\"elementor-element elementor-element-3d59f9d elementor-widget elementor-widget-heading\" data-id=\"3d59f9d\" data-element_type=\"widget\" data-widget_type=\"heading.default\">\n\t\t\t\t<div class=\"elementor-widget-container\">\n\t\t\t\t\t<h2 class=\"elementor-heading-title elementor-size-default\">RETROUVEZ-nous SUR LE SALON<\/h2>\t\t\t\t<\/div>\n\t\t\t\t<\/div>\n\t\t\t\t<div class=\"elementor-element elementor-element-7dd61532 elementor-widget elementor-widget-image\" data-id=\"7dd61532\" data-element_type=\"widget\" data-widget_type=\"image.default\">\n\t\t\t\t<div class=\"elementor-widget-container\">\n\t\t\t\t\t\t\t\t\t\t\t\t\t\t\t<img fetchpriority=\"high\" decoding=\"async\" width=\"1024\" height=\"576\" src=\"https:\/\/www.salonhabitatdeco.fr\/wp-content\/uploads\/2025\/03\/A23-1024x576.jpg\" class=\"attachment-large size-large wp-image-4295\" alt=\"\" srcset=\"https:\/\/www.salonhabitatdeco.fr\/wp-content\/uploads\/2025\/03\/A23-1024x576.jpg 1024w, https:\/\/www.salonhabitatdeco.fr\/wp-content\/uploads\/2025\/03\/A23-300x169.jpg 300w, https:\/\/www.salonhabitatdeco.fr\/wp-content\/uploads\/2025\/03\/A23-768x432.jpg 768w, https:\/\/www.salonhabitatdeco.fr\/wp-content\/uploads\/2025\/03\/A23-1536x864.jpg 1536w, https:\/\/www.salonhabitatdeco.fr\/wp-content\/uploads\/2025\/03\/A23.jpg 1920w\" sizes=\"(max-width: 1024px) 100vw, 1024px\" \/>\t\t\t\t\t\t\t\t\t\t\t\t\t\t\t<\/div>\n\t\t\t\t<\/div>\n\t\t\t\t\t<\/div>\n\t\t<\/div>\n\t\t\t\t\t<\/div>\n\t\t<\/section>\n\t\t\t\t<section class=\"elementor-section elementor-top-section elementor-element elementor-element-3dc2e390 elementor-section-boxed elementor-section-height-default elementor-section-height-default\" data-id=\"3dc2e390\" data-element_type=\"section\">\n\t\t\t\t\t\t<div class=\"elementor-container elementor-column-gap-default\">\n\t\t\t\t\t<div class=\"elementor-column elementor-col-100 elementor-top-column elementor-element elementor-element-47515b1c\" data-id=\"47515b1c\" data-element_type=\"column\">\n\t\t\t<div class=\"elementor-widget-wrap elementor-element-populated\">\n\t\t\t\t\t\t<div class=\"elementor-element elementor-element-1ec015a7 elementor-widget elementor-widget-spacer\" data-id=\"1ec015a7\" data-element_type=\"widget\" data-widget_type=\"spacer.default\">\n\t\t\t\t<div class=\"elementor-widget-container\">\n\t\t\t\t\t\t\t<div class=\"elementor-spacer\">\n\t\t\t<div class=\"elementor-spacer-inner\"><\/div>\n\t\t<\/div>\n\t\t\t\t\t\t<\/div>\n\t\t\t\t<\/div>\n\t\t\t\t\t<\/div>\n\t\t<\/div>\n\t\t\t\t\t<\/div>\n\t\t<\/section>\n\t\t\t\t<\/div>\n\t\t","protected":false},"excerpt":{"rendered":"<p>DIAG&rsquo;IMMO SERVICESdiagnostic immobilier Diag&rsquo;immo Services &#8211; diagnostics immobiliers \u00e0 Salles 33770 Entreprise salloise sp\u00e9cialis\u00e9e dans les&nbsp;diagnostics immobiliers obligatoires&nbsp;lors d&rsquo;une vente ou d&rsquo;une location.&nbsp;J&rsquo;\u00e9value l&rsquo;\u00e9tat de votre bien afin de prot\u00e9ger la sant\u00e9 et la s\u00e9curit\u00e9 de ses occupants.&nbsp; J&rsquo;interviens dans la recherche de plomb dans les peintures&nbsp;mais aussi de mat\u00e9riaux et produits contenant de l&rsquo;amiante, &hellip;<\/p>\n<p class=\"read-more\"> <a class=\"\" href=\"https:\/\/www.salonhabitatdeco.fr\/index.php\/2024\/01\/22\/diag-immo-services\/\"> <span class=\"screen-reader-text\">DIAG&rsquo;IMMO SERVICES<\/span> Lire la suite\u00a0\u00bb<\/a><\/p>\n","protected":false},"author":1,"featured_media":0,"comment_status":"open","ping_status":"open","sticky":false,"template":"","format":"standard","meta":{"om_disable_all_campaigns":false,"_monsterinsights_skip_tracking":false,"_monsterinsights_sitenote_active":false,"_monsterinsights_sitenote_note":"","_monsterinsights_sitenote_category":0,"_uf_show_specific_survey":0,"_uf_disable_surveys":false,"footnotes":""},"categories":[27],"tags":[],"aioseo_notices":[],"yoast_head":"<!-- This site is optimized with the Yoast SEO plugin v21.2 - https:\/\/yoast.com\/wordpress\/plugins\/seo\/ -->\n<title>DIAG&#039;IMMO SERVICES - Salon de l&#039;Habitat et de la D\u00e9coration du Val de l&#039;Eyre<\/title>\n<meta name=\"robots\" content=\"index, follow, max-snippet:-1, max-image-preview:large, max-video-preview:-1\" \/>\n<link rel=\"canonical\" href=\"https:\/\/www.salonhabitatdeco.fr\/index.php\/2024\/01\/22\/diag-immo-services\/\" \/>\n<meta property=\"og:locale\" content=\"fr_FR\" \/>\n<meta property=\"og:type\" content=\"article\" \/>\n<meta property=\"og:title\" content=\"DIAG&#039;IMMO SERVICES - Salon de l&#039;Habitat et de la D\u00e9coration du Val de l&#039;Eyre\" \/>\n<meta property=\"og:description\" content=\"DIAG&rsquo;IMMO SERVICESdiagnostic immobilier Diag&rsquo;immo Services &#8211; diagnostics immobiliers \u00e0 Salles 33770 Entreprise salloise sp\u00e9cialis\u00e9e dans les&nbsp;diagnostics immobiliers obligatoires&nbsp;lors d&rsquo;une vente ou d&rsquo;une location.&nbsp;J&rsquo;\u00e9value l&rsquo;\u00e9tat de votre bien afin de prot\u00e9ger la sant\u00e9 et la s\u00e9curit\u00e9 de ses occupants.&nbsp; J&rsquo;interviens dans la recherche de plomb dans les peintures&nbsp;mais aussi de mat\u00e9riaux et produits contenant de l&rsquo;amiante, &hellip; DIAG&rsquo;IMMO SERVICES Lire la suite\u00a0\u00bb\" \/>\n<meta property=\"og:url\" content=\"https:\/\/www.salonhabitatdeco.fr\/index.php\/2024\/01\/22\/diag-immo-services\/\" \/>\n<meta property=\"og:site_name\" content=\"Salon de l&#039;Habitat et de la D\u00e9coration du Val de l&#039;Eyre\" \/>\n<meta property=\"article:publisher\" content=\"https:\/\/www.facebook.com\/salonhabitatbarp\" \/>\n<meta property=\"article:published_time\" content=\"2024-01-22T16:01:30+00:00\" \/>\n<meta property=\"article:modified_time\" content=\"2025-03-12T15:20:55+00:00\" \/>\n<meta property=\"og:image\" content=\"https:\/\/www.salonhabitatdeco.fr\/wp-content\/uploads\/2024\/01\/6e9ed699a521954b04b626d0b0643ebd.webp\" \/>\n<meta name=\"author\" content=\"admin9982\" \/>\n<meta name=\"twitter:card\" content=\"summary_large_image\" \/>\n<meta name=\"twitter:label1\" content=\"\u00c9crit par\" \/>\n\t<meta name=\"twitter:data1\" content=\"admin9982\" \/>\n\t<meta name=\"twitter:label2\" content=\"Dur\u00e9e de lecture estim\u00e9e\" \/>\n\t<meta name=\"twitter:data2\" content=\"1 minute\" \/>\n<script type=\"application\/ld+json\" class=\"yoast-schema-graph\">{\"@context\":\"https:\/\/schema.org\",\"@graph\":[{\"@type\":\"Article\",\"@id\":\"https:\/\/www.salonhabitatdeco.fr\/index.php\/2024\/01\/22\/diag-immo-services\/#article\",\"isPartOf\":{\"@id\":\"https:\/\/www.salonhabitatdeco.fr\/index.php\/2024\/01\/22\/diag-immo-services\/\"},\"author\":{\"name\":\"admin9982\",\"@id\":\"https:\/\/www.salonhabitatdeco.fr\/#\/schema\/person\/a72c2c457fc0f86e92bc4c6dc84aeca1\"},\"headline\":\"DIAG&rsquo;IMMO SERVICES\",\"datePublished\":\"2024-01-22T16:01:30+00:00\",\"dateModified\":\"2025-03-12T15:20:55+00:00\",\"mainEntityOfPage\":{\"@id\":\"https:\/\/www.salonhabitatdeco.fr\/index.php\/2024\/01\/22\/diag-immo-services\/\"},\"wordCount\":141,\"commentCount\":0,\"publisher\":{\"@id\":\"https:\/\/www.salonhabitatdeco.fr\/#organization\"},\"articleSection\":[\"ARCHITECTURE - MAITRISE D'OEUVRE - BUREAU D'\u00c9TUDE\"],\"inLanguage\":\"fr-FR\",\"potentialAction\":[{\"@type\":\"CommentAction\",\"name\":\"Comment\",\"target\":[\"https:\/\/www.salonhabitatdeco.fr\/index.php\/2024\/01\/22\/diag-immo-services\/#respond\"]}]},{\"@type\":\"WebPage\",\"@id\":\"https:\/\/www.salonhabitatdeco.fr\/index.php\/2024\/01\/22\/diag-immo-services\/\",\"url\":\"https:\/\/www.salonhabitatdeco.fr\/index.php\/2024\/01\/22\/diag-immo-services\/\",\"name\":\"DIAG'IMMO SERVICES - Salon de l&#039;Habitat et de la D\u00e9coration du Val de l&#039;Eyre\",\"isPartOf\":{\"@id\":\"https:\/\/www.salonhabitatdeco.fr\/#website\"},\"datePublished\":\"2024-01-22T16:01:30+00:00\",\"dateModified\":\"2025-03-12T15:20:55+00:00\",\"breadcrumb\":{\"@id\":\"https:\/\/www.salonhabitatdeco.fr\/index.php\/2024\/01\/22\/diag-immo-services\/#breadcrumb\"},\"inLanguage\":\"fr-FR\",\"potentialAction\":[{\"@type\":\"ReadAction\",\"target\":[\"https:\/\/www.salonhabitatdeco.fr\/index.php\/2024\/01\/22\/diag-immo-services\/\"]}]},{\"@type\":\"BreadcrumbList\",\"@id\":\"https:\/\/www.salonhabitatdeco.fr\/index.php\/2024\/01\/22\/diag-immo-services\/#breadcrumb\",\"itemListElement\":[{\"@type\":\"ListItem\",\"position\":1,\"name\":\"Accueil\",\"item\":\"https:\/\/www.salonhabitatdeco.fr\/\"},{\"@type\":\"ListItem\",\"position\":2,\"name\":\"DIAG&rsquo;IMMO SERVICES\"}]},{\"@type\":\"WebSite\",\"@id\":\"https:\/\/www.salonhabitatdeco.fr\/#website\",\"url\":\"https:\/\/www.salonhabitatdeco.fr\/\",\"name\":\"Salon de l&#039;Habitat et de la D\u00e9coration du Val de l&#039;Eyre\",\"description\":\"\",\"publisher\":{\"@id\":\"https:\/\/www.salonhabitatdeco.fr\/#organization\"},\"potentialAction\":[{\"@type\":\"SearchAction\",\"target\":{\"@type\":\"EntryPoint\",\"urlTemplate\":\"https:\/\/www.salonhabitatdeco.fr\/?s={search_term_string}\"},\"query-input\":\"required name=search_term_string\"}],\"inLanguage\":\"fr-FR\"},{\"@type\":\"Organization\",\"@id\":\"https:\/\/www.salonhabitatdeco.fr\/#organization\",\"name\":\"Salon de l&#039;Habitat et de la D\u00e9coration du Val de l&#039;Eyre\",\"url\":\"https:\/\/www.salonhabitatdeco.fr\/\",\"logo\":{\"@type\":\"ImageObject\",\"inLanguage\":\"fr-FR\",\"@id\":\"https:\/\/www.salonhabitatdeco.fr\/#\/schema\/logo\/image\/\",\"url\":\"\",\"contentUrl\":\"\",\"caption\":\"Salon de l&#039;Habitat et de la D\u00e9coration du Val de l&#039;Eyre\"},\"image\":{\"@id\":\"https:\/\/www.salonhabitatdeco.fr\/#\/schema\/logo\/image\/\"},\"sameAs\":[\"https:\/\/www.facebook.com\/salonhabitatbarp\"]},{\"@type\":\"Person\",\"@id\":\"https:\/\/www.salonhabitatdeco.fr\/#\/schema\/person\/a72c2c457fc0f86e92bc4c6dc84aeca1\",\"name\":\"admin9982\",\"image\":{\"@type\":\"ImageObject\",\"inLanguage\":\"fr-FR\",\"@id\":\"https:\/\/www.salonhabitatdeco.fr\/#\/schema\/person\/image\/\",\"url\":\"https:\/\/secure.gravatar.com\/avatar\/66b8f9fbaa6ee697bf33a3191e31f104?s=96&d=mm&r=g\",\"contentUrl\":\"https:\/\/secure.gravatar.com\/avatar\/66b8f9fbaa6ee697bf33a3191e31f104?s=96&d=mm&r=g\",\"caption\":\"admin9982\"},\"sameAs\":[\"http:\/\/salonhabitatdeco.fr\"],\"url\":\"https:\/\/www.salonhabitatdeco.fr\/index.php\/author\/admin9982\/\"}]}<\/script>\n<!-- \/ Yoast SEO plugin. -->","yoast_head_json":{"title":"DIAG'IMMO SERVICES - Salon de l&#039;Habitat et de la D\u00e9coration du Val de l&#039;Eyre","robots":{"index":"index","follow":"follow","max-snippet":"max-snippet:-1","max-image-preview":"max-image-preview:large","max-video-preview":"max-video-preview:-1"},"canonical":"https:\/\/www.salonhabitatdeco.fr\/index.php\/2024\/01\/22\/diag-immo-services\/","og_locale":"fr_FR","og_type":"article","og_title":"DIAG'IMMO SERVICES - Salon de l&#039;Habitat et de la D\u00e9coration du Val de l&#039;Eyre","og_description":"DIAG&rsquo;IMMO SERVICESdiagnostic immobilier Diag&rsquo;immo Services &#8211; diagnostics immobiliers \u00e0 Salles 33770 Entreprise salloise sp\u00e9cialis\u00e9e dans les&nbsp;diagnostics immobiliers obligatoires&nbsp;lors d&rsquo;une vente ou d&rsquo;une location.&nbsp;J&rsquo;\u00e9value l&rsquo;\u00e9tat de votre bien afin de prot\u00e9ger la sant\u00e9 et la s\u00e9curit\u00e9 de ses occupants.&nbsp; J&rsquo;interviens dans la recherche de plomb dans les peintures&nbsp;mais aussi de mat\u00e9riaux et produits contenant de l&rsquo;amiante, &hellip; DIAG&rsquo;IMMO SERVICES Lire la suite\u00a0\u00bb","og_url":"https:\/\/www.salonhabitatdeco.fr\/index.php\/2024\/01\/22\/diag-immo-services\/","og_site_name":"Salon de l&#039;Habitat et de la D\u00e9coration du Val de l&#039;Eyre","article_publisher":"https:\/\/www.facebook.com\/salonhabitatbarp","article_published_time":"2024-01-22T16:01:30+00:00","article_modified_time":"2025-03-12T15:20:55+00:00","og_image":[{"url":"https:\/\/www.salonhabitatdeco.fr\/wp-content\/uploads\/2024\/01\/6e9ed699a521954b04b626d0b0643ebd.webp"}],"author":"admin9982","twitter_card":"summary_large_image","twitter_misc":{"\u00c9crit par":"admin9982","Dur\u00e9e de lecture estim\u00e9e":"1 minute"},"schema":{"@context":"https:\/\/schema.org","@graph":[{"@type":"Article","@id":"https:\/\/www.salonhabitatdeco.fr\/index.php\/2024\/01\/22\/diag-immo-services\/#article","isPartOf":{"@id":"https:\/\/www.salonhabitatdeco.fr\/index.php\/2024\/01\/22\/diag-immo-services\/"},"author":{"name":"admin9982","@id":"https:\/\/www.salonhabitatdeco.fr\/#\/schema\/person\/a72c2c457fc0f86e92bc4c6dc84aeca1"},"headline":"DIAG&rsquo;IMMO SERVICES","datePublished":"2024-01-22T16:01:30+00:00","dateModified":"2025-03-12T15:20:55+00:00","mainEntityOfPage":{"@id":"https:\/\/www.salonhabitatdeco.fr\/index.php\/2024\/01\/22\/diag-immo-services\/"},"wordCount":141,"commentCount":0,"publisher":{"@id":"https:\/\/www.salonhabitatdeco.fr\/#organization"},"articleSection":["ARCHITECTURE - MAITRISE D'OEUVRE - BUREAU D'\u00c9TUDE"],"inLanguage":"fr-FR","potentialAction":[{"@type":"CommentAction","name":"Comment","target":["https:\/\/www.salonhabitatdeco.fr\/index.php\/2024\/01\/22\/diag-immo-services\/#respond"]}]},{"@type":"WebPage","@id":"https:\/\/www.salonhabitatdeco.fr\/index.php\/2024\/01\/22\/diag-immo-services\/","url":"https:\/\/www.salonhabitatdeco.fr\/index.php\/2024\/01\/22\/diag-immo-services\/","name":"DIAG'IMMO SERVICES - Salon de l&#039;Habitat et de la D\u00e9coration du Val de l&#039;Eyre","isPartOf":{"@id":"https:\/\/www.salonhabitatdeco.fr\/#website"},"datePublished":"2024-01-22T16:01:30+00:00","dateModified":"2025-03-12T15:20:55+00:00","breadcrumb":{"@id":"https:\/\/www.salonhabitatdeco.fr\/index.php\/2024\/01\/22\/diag-immo-services\/#breadcrumb"},"inLanguage":"fr-FR","potentialAction":[{"@type":"ReadAction","target":["https:\/\/www.salonhabitatdeco.fr\/index.php\/2024\/01\/22\/diag-immo-services\/"]}]},{"@type":"BreadcrumbList","@id":"https:\/\/www.salonhabitatdeco.fr\/index.php\/2024\/01\/22\/diag-immo-services\/#breadcrumb","itemListElement":[{"@type":"ListItem","position":1,"name":"Accueil","item":"https:\/\/www.salonhabitatdeco.fr\/"},{"@type":"ListItem","position":2,"name":"DIAG&rsquo;IMMO SERVICES"}]},{"@type":"WebSite","@id":"https:\/\/www.salonhabitatdeco.fr\/#website","url":"https:\/\/www.salonhabitatdeco.fr\/","name":"Salon de l&#039;Habitat et de la D\u00e9coration du Val de l&#039;Eyre","description":"","publisher":{"@id":"https:\/\/www.salonhabitatdeco.fr\/#organization"},"potentialAction":[{"@type":"SearchAction","target":{"@type":"EntryPoint","urlTemplate":"https:\/\/www.salonhabitatdeco.fr\/?s={search_term_string}"},"query-input":"required name=search_term_string"}],"inLanguage":"fr-FR"},{"@type":"Organization","@id":"https:\/\/www.salonhabitatdeco.fr\/#organization","name":"Salon de l&#039;Habitat et de la D\u00e9coration du Val de l&#039;Eyre","url":"https:\/\/www.salonhabitatdeco.fr\/","logo":{"@type":"ImageObject","inLanguage":"fr-FR","@id":"https:\/\/www.salonhabitatdeco.fr\/#\/schema\/logo\/image\/","url":"","contentUrl":"","caption":"Salon de l&#039;Habitat et de la D\u00e9coration du Val de l&#039;Eyre"},"image":{"@id":"https:\/\/www.salonhabitatdeco.fr\/#\/schema\/logo\/image\/"},"sameAs":["https:\/\/www.facebook.com\/salonhabitatbarp"]},{"@type":"Person","@id":"https:\/\/www.salonhabitatdeco.fr\/#\/schema\/person\/a72c2c457fc0f86e92bc4c6dc84aeca1","name":"admin9982","image":{"@type":"ImageObject","inLanguage":"fr-FR","@id":"https:\/\/www.salonhabitatdeco.fr\/#\/schema\/person\/image\/","url":"https:\/\/secure.gravatar.com\/avatar\/66b8f9fbaa6ee697bf33a3191e31f104?s=96&d=mm&r=g","contentUrl":"https:\/\/secure.gravatar.com\/avatar\/66b8f9fbaa6ee697bf33a3191e31f104?s=96&d=mm&r=g","caption":"admin9982"},"sameAs":["http:\/\/salonhabitatdeco.fr"],"url":"https:\/\/www.salonhabitatdeco.fr\/index.php\/author\/admin9982\/"}]}},"_links":{"self":[{"href":"https:\/\/www.salonhabitatdeco.fr\/index.php\/wp-json\/wp\/v2\/posts\/3467"}],"collection":[{"href":"https:\/\/www.salonhabitatdeco.fr\/index.php\/wp-json\/wp\/v2\/posts"}],"about":[{"href":"https:\/\/www.salonhabitatdeco.fr\/index.php\/wp-json\/wp\/v2\/types\/post"}],"author":[{"embeddable":true,"href":"https:\/\/www.salonhabitatdeco.fr\/index.php\/wp-json\/wp\/v2\/users\/1"}],"replies":[{"embeddable":true,"href":"https:\/\/www.salonhabitatdeco.fr\/index.php\/wp-json\/wp\/v2\/comments?post=3467"}],"version-history":[{"count":16,"href":"https:\/\/www.salonhabitatdeco.fr\/index.php\/wp-json\/wp\/v2\/posts\/3467\/revisions"}],"predecessor-version":[{"id":4608,"href":"https:\/\/www.salonhabitatdeco.fr\/index.php\/wp-json\/wp\/v2\/posts\/3467\/revisions\/4608"}],"wp:attachment":[{"href":"https:\/\/www.salonhabitatdeco.fr\/index.php\/wp-json\/wp\/v2\/media?parent=3467"}],"wp:term":[{"taxonomy":"category","embeddable":true,"href":"https:\/\/www.salonhabitatdeco.fr\/index.php\/wp-json\/wp\/v2\/categories?post=3467"},{"taxonomy":"post_tag","embeddable":true,"href":"https:\/\/www.salonhabitatdeco.fr\/index.php\/wp-json\/wp\/v2\/tags?post=3467"}],"curies":[{"name":"wp","href":"https:\/\/api.w.org\/{rel}","templated":true}]}}