{"id":4532,"date":"2025-03-12T10:16:27","date_gmt":"2025-03-12T09:16:27","guid":{"rendered":"https:\/\/www.salonhabitatdeco.fr\/?p=4532"},"modified":"2025-03-20T14:39:30","modified_gmt":"2025-03-20T13:39:30","slug":"bbc-baptiste-bosc-construction","status":"publish","type":"post","link":"https:\/\/www.salonhabitatdeco.fr\/index.php\/2025\/03\/12\/bbc-baptiste-bosc-construction\/","title":{"rendered":"BBC BAPTISTE BOSC CONSTRUCTION"},"content":{"rendered":"\t\t<div data-elementor-type=\"wp-post\" data-elementor-id=\"4532\" class=\"elementor elementor-4532\" data-elementor-post-type=\"post\">\n\t\t\t\t\t\t<section class=\"elementor-section elementor-top-section elementor-element elementor-element-6bef2b07 elementor-section-boxed elementor-section-height-default elementor-section-height-default\" data-id=\"6bef2b07\" data-element_type=\"section\" data-settings=\"{&quot;background_background&quot;:&quot;classic&quot;}\">\n\t\t\t\t\t\t<div class=\"elementor-container elementor-column-gap-default\">\n\t\t\t\t\t<div class=\"elementor-column elementor-col-100 elementor-top-column elementor-element elementor-element-24c02b00\" data-id=\"24c02b00\" data-element_type=\"column\">\n\t\t\t<div class=\"elementor-widget-wrap elementor-element-populated\">\n\t\t\t\t\t\t<div class=\"elementor-element elementor-element-2fe7b9f0 elementor-widget elementor-widget-heading\" data-id=\"2fe7b9f0\" data-element_type=\"widget\" data-widget_type=\"heading.default\">\n\t\t\t\t<div class=\"elementor-widget-container\">\n\t\t\t\t\t<h1 class=\"elementor-heading-title elementor-size-large\">BBC BAPTISTE BOSC CONSTRUCTION<br>ma\u00e7onnerie g\u00e9n\u00e9rale et gros \u0153uvre <\/h1>\t\t\t\t<\/div>\n\t\t\t\t<\/div>\n\t\t\t\t\t<\/div>\n\t\t<\/div>\n\t\t\t\t\t<\/div>\n\t\t<\/section>\n\t\t\t\t<section class=\"elementor-section elementor-top-section elementor-element elementor-element-e9b3d0c elementor-section-content-top elementor-section-height-min-height elementor-section-boxed elementor-section-height-default elementor-section-items-middle\" data-id=\"e9b3d0c\" data-element_type=\"section\">\n\t\t\t\t\t\t<div class=\"elementor-container elementor-column-gap-no\">\n\t\t\t\t\t<div class=\"elementor-column elementor-col-50 elementor-top-column elementor-element elementor-element-534e3319\" data-id=\"534e3319\" data-element_type=\"column\" data-settings=\"{&quot;background_background&quot;:&quot;classic&quot;}\">\n\t\t\t<div class=\"elementor-widget-wrap elementor-element-populated\">\n\t\t\t\t\t\t<div class=\"elementor-element elementor-element-1089e07b elementor-widget elementor-widget-image\" data-id=\"1089e07b\" data-element_type=\"widget\" data-widget_type=\"image.default\">\n\t\t\t\t<div class=\"elementor-widget-container\">\n\t\t\t\t\t\t\t\t\t\t\t\t\t\t\t<img decoding=\"async\" width=\"150\" height=\"150\" src=\"https:\/\/www.salonhabitatdeco.fr\/wp-content\/uploads\/2025\/03\/image0000001-150x150.jpg\" class=\"attachment-thumbnail size-thumbnail wp-image-4944\" alt=\"\" \/>\t\t\t\t\t\t\t\t\t\t\t\t\t\t\t<\/div>\n\t\t\t\t<\/div>\n\t\t\t\t<div class=\"elementor-element elementor-element-12d29c76 elementor-widget elementor-widget-text-editor\" data-id=\"12d29c76\" data-element_type=\"widget\" data-widget_type=\"text-editor.default\">\n\t\t\t\t<div class=\"elementor-widget-container\">\n\t\t\t\t\t\t\t\t\t<p>BBC Baptiste Bosc Construction &#8211; Ma\u00e7onnerie g\u00e9n\u00e9rale et gros \u00a0\u0153uvre \u00e0 Salles 33770<\/p><p>Entreprise de ma\u00e7onnerie g\u00e9n\u00e9rale cr\u00e9e en 2008, nous r\u00e9alisons toute ma\u00e7onnerie traditionnelle et moderne ainsi que la pose de carrelage et de pavage. Nous pouvons intervenir pour des travaux neufs et\/ou en r\u00e9novations. (Constructions, agrandissement, modification)<\/p>\t\t\t\t\t\t\t\t<\/div>\n\t\t\t\t<\/div>\n\t\t\t\t\t<\/div>\n\t\t<\/div>\n\t\t\t\t<div class=\"elementor-column elementor-col-50 elementor-top-column elementor-element elementor-element-73119d58\" data-id=\"73119d58\" data-element_type=\"column\" data-settings=\"{&quot;background_background&quot;:&quot;slideshow&quot;,&quot;background_slideshow_gallery&quot;:[{&quot;id&quot;:4538,&quot;url&quot;:&quot;https:\\\/\\\/www.salonhabitatdeco.fr\\\/wp-content\\\/uploads\\\/2025\\\/03\\\/SH-2025-modele-visuel-exposant-site-internet-salon-2-3.png&quot;}],&quot;background_slideshow_slide_transition&quot;:&quot;slide_left&quot;,&quot;background_slideshow_loop&quot;:&quot;yes&quot;,&quot;background_slideshow_slide_duration&quot;:5000,&quot;background_slideshow_transition_duration&quot;:500}\">\n\t\t\t<div class=\"elementor-widget-wrap elementor-element-populated\">\n\t\t\t\t\t\t<div class=\"elementor-element elementor-element-23e372fe elementor-widget elementor-widget-spacer\" data-id=\"23e372fe\" data-element_type=\"widget\" data-widget_type=\"spacer.default\">\n\t\t\t\t<div class=\"elementor-widget-container\">\n\t\t\t\t\t\t\t<div class=\"elementor-spacer\">\n\t\t\t<div class=\"elementor-spacer-inner\"><\/div>\n\t\t<\/div>\n\t\t\t\t\t\t<\/div>\n\t\t\t\t<\/div>\n\t\t\t\t\t<\/div>\n\t\t<\/div>\n\t\t\t\t\t<\/div>\n\t\t<\/section>\n\t\t\t\t<section class=\"elementor-section elementor-top-section elementor-element elementor-element-37bb20c0 elementor-section-content-middle elementor-reverse-mobile elementor-section-height-min-height elementor-section-boxed elementor-section-height-default elementor-section-items-middle\" data-id=\"37bb20c0\" data-element_type=\"section\" data-settings=\"{&quot;background_background&quot;:&quot;classic&quot;}\">\n\t\t\t\t\t\t<div class=\"elementor-container elementor-column-gap-no\">\n\t\t\t\t\t<div class=\"elementor-column elementor-col-50 elementor-top-column elementor-element elementor-element-3422424c\" data-id=\"3422424c\" data-element_type=\"column\" data-settings=\"{&quot;background_background&quot;:&quot;classic&quot;}\">\n\t\t\t<div class=\"elementor-widget-wrap elementor-element-populated\">\n\t\t\t\t\t\t<div class=\"elementor-element elementor-element-18aa064e elementor-widget elementor-widget-google_maps\" data-id=\"18aa064e\" data-element_type=\"widget\" data-widget_type=\"google_maps.default\">\n\t\t\t\t<div class=\"elementor-widget-container\">\n\t\t\t\t\t\t\t<div class=\"elementor-custom-embed\">\n\t\t\t<iframe loading=\"lazy\"\n\t\t\t\t\tsrc=\"https:\/\/maps.google.com\/maps?q=1%20place%20du%20champ%20de%20foire%2033770%20salles&#038;t=m&#038;z=14&#038;output=embed&#038;iwloc=near\"\n\t\t\t\t\ttitle=\"1 place du champ de foire 33770 salles\"\n\t\t\t\t\taria-label=\"1 place du champ de foire 33770 salles\"\n\t\t\t><\/iframe>\n\t\t<\/div>\n\t\t\t\t\t\t<\/div>\n\t\t\t\t<\/div>\n\t\t\t\t\t<\/div>\n\t\t<\/div>\n\t\t\t\t<div class=\"elementor-column elementor-col-50 elementor-top-column elementor-element elementor-element-5364e3d\" data-id=\"5364e3d\" data-element_type=\"column\" data-settings=\"{&quot;background_background&quot;:&quot;classic&quot;}\">\n\t\t\t<div class=\"elementor-widget-wrap elementor-element-populated\">\n\t\t\t\t\t\t<div class=\"elementor-element elementor-element-399e500d elementor-widget elementor-widget-heading\" data-id=\"399e500d\" data-element_type=\"widget\" data-widget_type=\"heading.default\">\n\t\t\t\t<div class=\"elementor-widget-container\">\n\t\t\t\t\t<h2 class=\"elementor-heading-title elementor-size-default\">STAND N\u00b0B22<\/h2>\t\t\t\t<\/div>\n\t\t\t\t<\/div>\n\t\t\t\t<div class=\"elementor-element elementor-element-e7567c7 elementor-icon-list--layout-traditional elementor-list-item-link-full_width elementor-widget elementor-widget-icon-list\" data-id=\"e7567c7\" data-element_type=\"widget\" data-widget_type=\"icon-list.default\">\n\t\t\t\t<div class=\"elementor-widget-container\">\n\t\t\t\t\t\t\t<ul class=\"elementor-icon-list-items\">\n\t\t\t\t\t\t\t<li class=\"elementor-icon-list-item\">\n\t\t\t\t\t\t\t\t\t\t\t<span class=\"elementor-icon-list-icon\">\n\t\t\t\t\t\t\t<i aria-hidden=\"true\" class=\"fas fa-phone\"><\/i>\t\t\t\t\t\t<\/span>\n\t\t\t\t\t\t\t\t\t\t<span class=\"elementor-icon-list-text\">06 86 74 60 38<\/span>\n\t\t\t\t\t\t\t\t\t<\/li>\n\t\t\t\t\t\t\t\t<li class=\"elementor-icon-list-item\">\n\t\t\t\t\t\t\t\t\t\t\t<a href=\"mailto:bosc.construction@gmail.com\">\n\n\t\t\t\t\t\t\t\t\t\t\t\t<span class=\"elementor-icon-list-icon\">\n\t\t\t\t\t\t\t<i aria-hidden=\"true\" class=\"fas fa-envelope\"><\/i>\t\t\t\t\t\t<\/span>\n\t\t\t\t\t\t\t\t\t\t<span class=\"elementor-icon-list-text\">bosc.construction@gmail.com<\/span>\n\t\t\t\t\t\t\t\t\t\t\t<\/a>\n\t\t\t\t\t\t\t\t\t<\/li>\n\t\t\t\t\t\t\t\t<li class=\"elementor-icon-list-item\">\n\t\t\t\t\t\t\t\t\t\t\t<a href=\"https:\/\/www.rcommerce.fr\/boutiques\/show\/baptiste-bosc-construction-1518\">\n\n\t\t\t\t\t\t\t\t\t\t\t\t<span class=\"elementor-icon-list-icon\">\n\t\t\t\t\t\t\t<i aria-hidden=\"true\" class=\"fas fa-link\"><\/i>\t\t\t\t\t\t<\/span>\n\t\t\t\t\t\t\t\t\t\t<span class=\"elementor-icon-list-text\">site internet<\/span>\n\t\t\t\t\t\t\t\t\t\t\t<\/a>\n\t\t\t\t\t\t\t\t\t<\/li>\n\t\t\t\t\t\t<\/ul>\n\t\t\t\t\t\t<\/div>\n\t\t\t\t<\/div>\n\t\t\t\t\t<\/div>\n\t\t<\/div>\n\t\t\t\t\t<\/div>\n\t\t<\/section>\n\t\t\t\t<section class=\"elementor-section elementor-top-section elementor-element elementor-element-1342d076 elementor-section-boxed elementor-section-height-default elementor-section-height-default\" data-id=\"1342d076\" data-element_type=\"section\">\n\t\t\t\t\t\t<div class=\"elementor-container elementor-column-gap-default\">\n\t\t\t\t\t<div class=\"elementor-column elementor-col-100 elementor-top-column elementor-element elementor-element-1eb79f66\" data-id=\"1eb79f66\" data-element_type=\"column\">\n\t\t\t<div class=\"elementor-widget-wrap elementor-element-populated\">\n\t\t\t\t\t\t<div class=\"elementor-element elementor-element-66c4aa9 elementor-widget elementor-widget-spacer\" data-id=\"66c4aa9\" data-element_type=\"widget\" data-widget_type=\"spacer.default\">\n\t\t\t\t<div class=\"elementor-widget-container\">\n\t\t\t\t\t\t\t<div class=\"elementor-spacer\">\n\t\t\t<div class=\"elementor-spacer-inner\"><\/div>\n\t\t<\/div>\n\t\t\t\t\t\t<\/div>\n\t\t\t\t<\/div>\n\t\t\t\t\t<\/div>\n\t\t<\/div>\n\t\t\t\t\t<\/div>\n\t\t<\/section>\n\t\t\t\t<section class=\"elementor-section elementor-top-section elementor-element elementor-element-53fea4ce elementor-section-boxed elementor-section-height-default elementor-section-height-default\" data-id=\"53fea4ce\" data-element_type=\"section\">\n\t\t\t\t\t\t<div class=\"elementor-container elementor-column-gap-default\">\n\t\t\t\t\t<div class=\"elementor-column elementor-col-100 elementor-top-column elementor-element elementor-element-2222a03a\" data-id=\"2222a03a\" data-element_type=\"column\">\n\t\t\t<div class=\"elementor-widget-wrap elementor-element-populated\">\n\t\t\t\t\t\t<div class=\"elementor-element elementor-element-7138d447 elementor-widget elementor-widget-heading\" data-id=\"7138d447\" data-element_type=\"widget\" data-widget_type=\"heading.default\">\n\t\t\t\t<div class=\"elementor-widget-container\">\n\t\t\t\t\t<h2 class=\"elementor-heading-title elementor-size-default\">RETROUVEZ-nous SUR LE SALON<\/h2>\t\t\t\t<\/div>\n\t\t\t\t<\/div>\n\t\t\t\t<div class=\"elementor-element elementor-element-5b12c4c0 elementor-widget elementor-widget-image\" data-id=\"5b12c4c0\" data-element_type=\"widget\" data-widget_type=\"image.default\">\n\t\t\t\t<div class=\"elementor-widget-container\">\n\t\t\t\t\t\t\t\t\t\t\t\t\t\t\t<img fetchpriority=\"high\" decoding=\"async\" width=\"1024\" height=\"576\" src=\"https:\/\/www.salonhabitatdeco.fr\/wp-content\/uploads\/2025\/03\/B22-1024x576.jpg\" class=\"attachment-large size-large wp-image-4326\" alt=\"\" srcset=\"https:\/\/www.salonhabitatdeco.fr\/wp-content\/uploads\/2025\/03\/B22-1024x576.jpg 1024w, https:\/\/www.salonhabitatdeco.fr\/wp-content\/uploads\/2025\/03\/B22-300x169.jpg 300w, https:\/\/www.salonhabitatdeco.fr\/wp-content\/uploads\/2025\/03\/B22-768x432.jpg 768w, https:\/\/www.salonhabitatdeco.fr\/wp-content\/uploads\/2025\/03\/B22-1536x864.jpg 1536w, https:\/\/www.salonhabitatdeco.fr\/wp-content\/uploads\/2025\/03\/B22.jpg 1920w\" sizes=\"(max-width: 1024px) 100vw, 1024px\" \/>\t\t\t\t\t\t\t\t\t\t\t\t\t\t\t<\/div>\n\t\t\t\t<\/div>\n\t\t\t\t\t<\/div>\n\t\t<\/div>\n\t\t\t\t\t<\/div>\n\t\t<\/section>\n\t\t\t\t<section class=\"elementor-section elementor-top-section elementor-element elementor-element-20b19c15 elementor-section-boxed elementor-section-height-default elementor-section-height-default\" data-id=\"20b19c15\" data-element_type=\"section\">\n\t\t\t\t\t\t<div class=\"elementor-container elementor-column-gap-default\">\n\t\t\t\t\t<div class=\"elementor-column elementor-col-100 elementor-top-column elementor-element elementor-element-53ac1645\" data-id=\"53ac1645\" data-element_type=\"column\">\n\t\t\t<div class=\"elementor-widget-wrap elementor-element-populated\">\n\t\t\t\t\t\t<div class=\"elementor-element elementor-element-3898bd2c elementor-widget elementor-widget-spacer\" data-id=\"3898bd2c\" data-element_type=\"widget\" data-widget_type=\"spacer.default\">\n\t\t\t\t<div class=\"elementor-widget-container\">\n\t\t\t\t\t\t\t<div class=\"elementor-spacer\">\n\t\t\t<div class=\"elementor-spacer-inner\"><\/div>\n\t\t<\/div>\n\t\t\t\t\t\t<\/div>\n\t\t\t\t<\/div>\n\t\t\t\t\t<\/div>\n\t\t<\/div>\n\t\t\t\t\t<\/div>\n\t\t<\/section>\n\t\t\t\t<\/div>\n\t\t","protected":false},"excerpt":{"rendered":"<p>BBC BAPTISTE BOSC CONSTRUCTIONma\u00e7onnerie g\u00e9n\u00e9rale et gros \u0153uvre BBC Baptiste Bosc Construction &#8211; Ma\u00e7onnerie g\u00e9n\u00e9rale et gros \u00a0\u0153uvre \u00e0 Salles 33770 Entreprise de ma\u00e7onnerie g\u00e9n\u00e9rale cr\u00e9e en 2008, nous r\u00e9alisons toute ma\u00e7onnerie traditionnelle et moderne ainsi que la pose de carrelage et de pavage. Nous pouvons intervenir pour des travaux neufs et\/ou en r\u00e9novations. (Constructions, &hellip;<\/p>\n<p class=\"read-more\"> <a class=\"\" href=\"https:\/\/www.salonhabitatdeco.fr\/index.php\/2025\/03\/12\/bbc-baptiste-bosc-construction\/\"> <span class=\"screen-reader-text\">BBC BAPTISTE BOSC CONSTRUCTION<\/span> Lire la suite\u00a0\u00bb<\/a><\/p>\n","protected":false},"author":1,"featured_media":0,"comment_status":"open","ping_status":"open","sticky":false,"template":"","format":"standard","meta":{"om_disable_all_campaigns":false,"_monsterinsights_skip_tracking":false,"_monsterinsights_sitenote_active":false,"_monsterinsights_sitenote_note":"","_monsterinsights_sitenote_category":0,"_uf_show_specific_survey":0,"_uf_disable_surveys":false,"footnotes":""},"categories":[31],"tags":[],"aioseo_notices":[],"yoast_head":"<!-- This site is optimized with the Yoast SEO plugin v21.2 - https:\/\/yoast.com\/wordpress\/plugins\/seo\/ -->\n<title>BBC BAPTISTE BOSC CONSTRUCTION - Salon de l&#039;Habitat et de la D\u00e9coration du Val de l&#039;Eyre<\/title>\n<meta name=\"robots\" content=\"index, follow, max-snippet:-1, max-image-preview:large, max-video-preview:-1\" \/>\n<link rel=\"canonical\" href=\"https:\/\/www.salonhabitatdeco.fr\/index.php\/2025\/03\/12\/bbc-baptiste-bosc-construction\/\" \/>\n<meta property=\"og:locale\" content=\"fr_FR\" \/>\n<meta property=\"og:type\" content=\"article\" \/>\n<meta property=\"og:title\" content=\"BBC BAPTISTE BOSC CONSTRUCTION - Salon de l&#039;Habitat et de la D\u00e9coration du Val de l&#039;Eyre\" \/>\n<meta property=\"og:description\" content=\"BBC BAPTISTE BOSC CONSTRUCTIONma\u00e7onnerie g\u00e9n\u00e9rale et gros \u0153uvre BBC Baptiste Bosc Construction &#8211; Ma\u00e7onnerie g\u00e9n\u00e9rale et gros \u00a0\u0153uvre \u00e0 Salles 33770 Entreprise de ma\u00e7onnerie g\u00e9n\u00e9rale cr\u00e9e en 2008, nous r\u00e9alisons toute ma\u00e7onnerie traditionnelle et moderne ainsi que la pose de carrelage et de pavage. Nous pouvons intervenir pour des travaux neufs et\/ou en r\u00e9novations. (Constructions, &hellip; BBC BAPTISTE BOSC CONSTRUCTION Lire la suite\u00a0\u00bb\" \/>\n<meta property=\"og:url\" content=\"https:\/\/www.salonhabitatdeco.fr\/index.php\/2025\/03\/12\/bbc-baptiste-bosc-construction\/\" \/>\n<meta property=\"og:site_name\" content=\"Salon de l&#039;Habitat et de la D\u00e9coration du Val de l&#039;Eyre\" \/>\n<meta property=\"article:publisher\" content=\"https:\/\/www.facebook.com\/salonhabitatbarp\" \/>\n<meta property=\"article:published_time\" content=\"2025-03-12T09:16:27+00:00\" \/>\n<meta property=\"article:modified_time\" content=\"2025-03-20T13:39:30+00:00\" \/>\n<meta property=\"og:image\" content=\"https:\/\/www.salonhabitatdeco.fr\/wp-content\/uploads\/2025\/03\/image0000001-150x150.jpg\" \/>\n<meta name=\"author\" content=\"admin9982\" \/>\n<meta name=\"twitter:card\" content=\"summary_large_image\" \/>\n<meta name=\"twitter:label1\" content=\"\u00c9crit par\" \/>\n\t<meta name=\"twitter:data1\" content=\"admin9982\" \/>\n<script type=\"application\/ld+json\" class=\"yoast-schema-graph\">{\"@context\":\"https:\/\/schema.org\",\"@graph\":[{\"@type\":\"Article\",\"@id\":\"https:\/\/www.salonhabitatdeco.fr\/index.php\/2025\/03\/12\/bbc-baptiste-bosc-construction\/#article\",\"isPartOf\":{\"@id\":\"https:\/\/www.salonhabitatdeco.fr\/index.php\/2025\/03\/12\/bbc-baptiste-bosc-construction\/\"},\"author\":{\"name\":\"admin9982\",\"@id\":\"https:\/\/www.salonhabitatdeco.fr\/#\/schema\/person\/a72c2c457fc0f86e92bc4c6dc84aeca1\"},\"headline\":\"BBC BAPTISTE BOSC CONSTRUCTION\",\"datePublished\":\"2025-03-12T09:16:27+00:00\",\"dateModified\":\"2025-03-20T13:39:30+00:00\",\"mainEntityOfPage\":{\"@id\":\"https:\/\/www.salonhabitatdeco.fr\/index.php\/2025\/03\/12\/bbc-baptiste-bosc-construction\/\"},\"wordCount\":85,\"commentCount\":0,\"publisher\":{\"@id\":\"https:\/\/www.salonhabitatdeco.fr\/#organization\"},\"articleSection\":[\"CONSTRUCTEUR - MAISON BOIS\"],\"inLanguage\":\"fr-FR\",\"potentialAction\":[{\"@type\":\"CommentAction\",\"name\":\"Comment\",\"target\":[\"https:\/\/www.salonhabitatdeco.fr\/index.php\/2025\/03\/12\/bbc-baptiste-bosc-construction\/#respond\"]}]},{\"@type\":\"WebPage\",\"@id\":\"https:\/\/www.salonhabitatdeco.fr\/index.php\/2025\/03\/12\/bbc-baptiste-bosc-construction\/\",\"url\":\"https:\/\/www.salonhabitatdeco.fr\/index.php\/2025\/03\/12\/bbc-baptiste-bosc-construction\/\",\"name\":\"BBC BAPTISTE BOSC CONSTRUCTION - Salon de l&#039;Habitat et de la D\u00e9coration du Val de l&#039;Eyre\",\"isPartOf\":{\"@id\":\"https:\/\/www.salonhabitatdeco.fr\/#website\"},\"datePublished\":\"2025-03-12T09:16:27+00:00\",\"dateModified\":\"2025-03-20T13:39:30+00:00\",\"breadcrumb\":{\"@id\":\"https:\/\/www.salonhabitatdeco.fr\/index.php\/2025\/03\/12\/bbc-baptiste-bosc-construction\/#breadcrumb\"},\"inLanguage\":\"fr-FR\",\"potentialAction\":[{\"@type\":\"ReadAction\",\"target\":[\"https:\/\/www.salonhabitatdeco.fr\/index.php\/2025\/03\/12\/bbc-baptiste-bosc-construction\/\"]}]},{\"@type\":\"BreadcrumbList\",\"@id\":\"https:\/\/www.salonhabitatdeco.fr\/index.php\/2025\/03\/12\/bbc-baptiste-bosc-construction\/#breadcrumb\",\"itemListElement\":[{\"@type\":\"ListItem\",\"position\":1,\"name\":\"Accueil\",\"item\":\"https:\/\/www.salonhabitatdeco.fr\/\"},{\"@type\":\"ListItem\",\"position\":2,\"name\":\"BBC BAPTISTE BOSC CONSTRUCTION\"}]},{\"@type\":\"WebSite\",\"@id\":\"https:\/\/www.salonhabitatdeco.fr\/#website\",\"url\":\"https:\/\/www.salonhabitatdeco.fr\/\",\"name\":\"Salon de l&#039;Habitat et de la D\u00e9coration du Val de l&#039;Eyre\",\"description\":\"\",\"publisher\":{\"@id\":\"https:\/\/www.salonhabitatdeco.fr\/#organization\"},\"potentialAction\":[{\"@type\":\"SearchAction\",\"target\":{\"@type\":\"EntryPoint\",\"urlTemplate\":\"https:\/\/www.salonhabitatdeco.fr\/?s={search_term_string}\"},\"query-input\":\"required name=search_term_string\"}],\"inLanguage\":\"fr-FR\"},{\"@type\":\"Organization\",\"@id\":\"https:\/\/www.salonhabitatdeco.fr\/#organization\",\"name\":\"Salon de l&#039;Habitat et de la D\u00e9coration du Val de l&#039;Eyre\",\"url\":\"https:\/\/www.salonhabitatdeco.fr\/\",\"logo\":{\"@type\":\"ImageObject\",\"inLanguage\":\"fr-FR\",\"@id\":\"https:\/\/www.salonhabitatdeco.fr\/#\/schema\/logo\/image\/\",\"url\":\"\",\"contentUrl\":\"\",\"caption\":\"Salon de l&#039;Habitat et de la D\u00e9coration du Val de l&#039;Eyre\"},\"image\":{\"@id\":\"https:\/\/www.salonhabitatdeco.fr\/#\/schema\/logo\/image\/\"},\"sameAs\":[\"https:\/\/www.facebook.com\/salonhabitatbarp\"]},{\"@type\":\"Person\",\"@id\":\"https:\/\/www.salonhabitatdeco.fr\/#\/schema\/person\/a72c2c457fc0f86e92bc4c6dc84aeca1\",\"name\":\"admin9982\",\"image\":{\"@type\":\"ImageObject\",\"inLanguage\":\"fr-FR\",\"@id\":\"https:\/\/www.salonhabitatdeco.fr\/#\/schema\/person\/image\/\",\"url\":\"https:\/\/secure.gravatar.com\/avatar\/66b8f9fbaa6ee697bf33a3191e31f104?s=96&d=mm&r=g\",\"contentUrl\":\"https:\/\/secure.gravatar.com\/avatar\/66b8f9fbaa6ee697bf33a3191e31f104?s=96&d=mm&r=g\",\"caption\":\"admin9982\"},\"sameAs\":[\"http:\/\/salonhabitatdeco.fr\"],\"url\":\"https:\/\/www.salonhabitatdeco.fr\/index.php\/author\/admin9982\/\"}]}<\/script>\n<!-- \/ Yoast SEO plugin. -->","yoast_head_json":{"title":"BBC BAPTISTE BOSC CONSTRUCTION - Salon de l&#039;Habitat et de la D\u00e9coration du Val de l&#039;Eyre","robots":{"index":"index","follow":"follow","max-snippet":"max-snippet:-1","max-image-preview":"max-image-preview:large","max-video-preview":"max-video-preview:-1"},"canonical":"https:\/\/www.salonhabitatdeco.fr\/index.php\/2025\/03\/12\/bbc-baptiste-bosc-construction\/","og_locale":"fr_FR","og_type":"article","og_title":"BBC BAPTISTE BOSC CONSTRUCTION - Salon de l&#039;Habitat et de la D\u00e9coration du Val de l&#039;Eyre","og_description":"BBC BAPTISTE BOSC CONSTRUCTIONma\u00e7onnerie g\u00e9n\u00e9rale et gros \u0153uvre BBC Baptiste Bosc Construction &#8211; Ma\u00e7onnerie g\u00e9n\u00e9rale et gros \u00a0\u0153uvre \u00e0 Salles 33770 Entreprise de ma\u00e7onnerie g\u00e9n\u00e9rale cr\u00e9e en 2008, nous r\u00e9alisons toute ma\u00e7onnerie traditionnelle et moderne ainsi que la pose de carrelage et de pavage. Nous pouvons intervenir pour des travaux neufs et\/ou en r\u00e9novations. (Constructions, &hellip; BBC BAPTISTE BOSC CONSTRUCTION Lire la suite\u00a0\u00bb","og_url":"https:\/\/www.salonhabitatdeco.fr\/index.php\/2025\/03\/12\/bbc-baptiste-bosc-construction\/","og_site_name":"Salon de l&#039;Habitat et de la D\u00e9coration du Val de l&#039;Eyre","article_publisher":"https:\/\/www.facebook.com\/salonhabitatbarp","article_published_time":"2025-03-12T09:16:27+00:00","article_modified_time":"2025-03-20T13:39:30+00:00","og_image":[{"url":"https:\/\/www.salonhabitatdeco.fr\/wp-content\/uploads\/2025\/03\/image0000001-150x150.jpg"}],"author":"admin9982","twitter_card":"summary_large_image","twitter_misc":{"\u00c9crit par":"admin9982"},"schema":{"@context":"https:\/\/schema.org","@graph":[{"@type":"Article","@id":"https:\/\/www.salonhabitatdeco.fr\/index.php\/2025\/03\/12\/bbc-baptiste-bosc-construction\/#article","isPartOf":{"@id":"https:\/\/www.salonhabitatdeco.fr\/index.php\/2025\/03\/12\/bbc-baptiste-bosc-construction\/"},"author":{"name":"admin9982","@id":"https:\/\/www.salonhabitatdeco.fr\/#\/schema\/person\/a72c2c457fc0f86e92bc4c6dc84aeca1"},"headline":"BBC BAPTISTE BOSC CONSTRUCTION","datePublished":"2025-03-12T09:16:27+00:00","dateModified":"2025-03-20T13:39:30+00:00","mainEntityOfPage":{"@id":"https:\/\/www.salonhabitatdeco.fr\/index.php\/2025\/03\/12\/bbc-baptiste-bosc-construction\/"},"wordCount":85,"commentCount":0,"publisher":{"@id":"https:\/\/www.salonhabitatdeco.fr\/#organization"},"articleSection":["CONSTRUCTEUR - MAISON BOIS"],"inLanguage":"fr-FR","potentialAction":[{"@type":"CommentAction","name":"Comment","target":["https:\/\/www.salonhabitatdeco.fr\/index.php\/2025\/03\/12\/bbc-baptiste-bosc-construction\/#respond"]}]},{"@type":"WebPage","@id":"https:\/\/www.salonhabitatdeco.fr\/index.php\/2025\/03\/12\/bbc-baptiste-bosc-construction\/","url":"https:\/\/www.salonhabitatdeco.fr\/index.php\/2025\/03\/12\/bbc-baptiste-bosc-construction\/","name":"BBC BAPTISTE BOSC CONSTRUCTION - Salon de l&#039;Habitat et de la D\u00e9coration du Val de l&#039;Eyre","isPartOf":{"@id":"https:\/\/www.salonhabitatdeco.fr\/#website"},"datePublished":"2025-03-12T09:16:27+00:00","dateModified":"2025-03-20T13:39:30+00:00","breadcrumb":{"@id":"https:\/\/www.salonhabitatdeco.fr\/index.php\/2025\/03\/12\/bbc-baptiste-bosc-construction\/#breadcrumb"},"inLanguage":"fr-FR","potentialAction":[{"@type":"ReadAction","target":["https:\/\/www.salonhabitatdeco.fr\/index.php\/2025\/03\/12\/bbc-baptiste-bosc-construction\/"]}]},{"@type":"BreadcrumbList","@id":"https:\/\/www.salonhabitatdeco.fr\/index.php\/2025\/03\/12\/bbc-baptiste-bosc-construction\/#breadcrumb","itemListElement":[{"@type":"ListItem","position":1,"name":"Accueil","item":"https:\/\/www.salonhabitatdeco.fr\/"},{"@type":"ListItem","position":2,"name":"BBC BAPTISTE BOSC CONSTRUCTION"}]},{"@type":"WebSite","@id":"https:\/\/www.salonhabitatdeco.fr\/#website","url":"https:\/\/www.salonhabitatdeco.fr\/","name":"Salon de l&#039;Habitat et de la D\u00e9coration du Val de l&#039;Eyre","description":"","publisher":{"@id":"https:\/\/www.salonhabitatdeco.fr\/#organization"},"potentialAction":[{"@type":"SearchAction","target":{"@type":"EntryPoint","urlTemplate":"https:\/\/www.salonhabitatdeco.fr\/?s={search_term_string}"},"query-input":"required name=search_term_string"}],"inLanguage":"fr-FR"},{"@type":"Organization","@id":"https:\/\/www.salonhabitatdeco.fr\/#organization","name":"Salon de l&#039;Habitat et de la D\u00e9coration du Val de l&#039;Eyre","url":"https:\/\/www.salonhabitatdeco.fr\/","logo":{"@type":"ImageObject","inLanguage":"fr-FR","@id":"https:\/\/www.salonhabitatdeco.fr\/#\/schema\/logo\/image\/","url":"","contentUrl":"","caption":"Salon de l&#039;Habitat et de la D\u00e9coration du Val de l&#039;Eyre"},"image":{"@id":"https:\/\/www.salonhabitatdeco.fr\/#\/schema\/logo\/image\/"},"sameAs":["https:\/\/www.facebook.com\/salonhabitatbarp"]},{"@type":"Person","@id":"https:\/\/www.salonhabitatdeco.fr\/#\/schema\/person\/a72c2c457fc0f86e92bc4c6dc84aeca1","name":"admin9982","image":{"@type":"ImageObject","inLanguage":"fr-FR","@id":"https:\/\/www.salonhabitatdeco.fr\/#\/schema\/person\/image\/","url":"https:\/\/secure.gravatar.com\/avatar\/66b8f9fbaa6ee697bf33a3191e31f104?s=96&d=mm&r=g","contentUrl":"https:\/\/secure.gravatar.com\/avatar\/66b8f9fbaa6ee697bf33a3191e31f104?s=96&d=mm&r=g","caption":"admin9982"},"sameAs":["http:\/\/salonhabitatdeco.fr"],"url":"https:\/\/www.salonhabitatdeco.fr\/index.php\/author\/admin9982\/"}]}},"_links":{"self":[{"href":"https:\/\/www.salonhabitatdeco.fr\/index.php\/wp-json\/wp\/v2\/posts\/4532"}],"collection":[{"href":"https:\/\/www.salonhabitatdeco.fr\/index.php\/wp-json\/wp\/v2\/posts"}],"about":[{"href":"https:\/\/www.salonhabitatdeco.fr\/index.php\/wp-json\/wp\/v2\/types\/post"}],"author":[{"embeddable":true,"href":"https:\/\/www.salonhabitatdeco.fr\/index.php\/wp-json\/wp\/v2\/users\/1"}],"replies":[{"embeddable":true,"href":"https:\/\/www.salonhabitatdeco.fr\/index.php\/wp-json\/wp\/v2\/comments?post=4532"}],"version-history":[{"count":11,"href":"https:\/\/www.salonhabitatdeco.fr\/index.php\/wp-json\/wp\/v2\/posts\/4532\/revisions"}],"predecessor-version":[{"id":4948,"href":"https:\/\/www.salonhabitatdeco.fr\/index.php\/wp-json\/wp\/v2\/posts\/4532\/revisions\/4948"}],"wp:attachment":[{"href":"https:\/\/www.salonhabitatdeco.fr\/index.php\/wp-json\/wp\/v2\/media?parent=4532"}],"wp:term":[{"taxonomy":"category","embeddable":true,"href":"https:\/\/www.salonhabitatdeco.fr\/index.php\/wp-json\/wp\/v2\/categories?post=4532"},{"taxonomy":"post_tag","embeddable":true,"href":"https:\/\/www.salonhabitatdeco.fr\/index.php\/wp-json\/wp\/v2\/tags?post=4532"}],"curies":[{"name":"wp","href":"https:\/\/api.w.org\/{rel}","templated":true}]}}