{"id":4542,"date":"2025-03-12T10:33:01","date_gmt":"2025-03-12T09:33:01","guid":{"rendered":"https:\/\/www.salonhabitatdeco.fr\/?p=4542"},"modified":"2025-03-31T17:14:32","modified_gmt":"2025-03-31T15:14:32","slug":"bmix","status":"publish","type":"post","link":"https:\/\/www.salonhabitatdeco.fr\/index.php\/2025\/03\/12\/bmix\/","title":{"rendered":"B&rsquo;MIX"},"content":{"rendered":"\t\t<div data-elementor-type=\"wp-post\" data-elementor-id=\"4542\" class=\"elementor elementor-4542\" data-elementor-post-type=\"post\">\n\t\t\t\t\t\t<section class=\"elementor-section elementor-top-section elementor-element elementor-element-50c8404b elementor-section-boxed elementor-section-height-default elementor-section-height-default\" data-id=\"50c8404b\" data-element_type=\"section\" data-settings=\"{&quot;background_background&quot;:&quot;classic&quot;}\">\n\t\t\t\t\t\t<div class=\"elementor-container elementor-column-gap-default\">\n\t\t\t\t\t<div class=\"elementor-column elementor-col-100 elementor-top-column elementor-element elementor-element-174cf3cb\" data-id=\"174cf3cb\" data-element_type=\"column\">\n\t\t\t<div class=\"elementor-widget-wrap elementor-element-populated\">\n\t\t\t\t\t\t<div class=\"elementor-element elementor-element-48097738 elementor-widget elementor-widget-heading\" data-id=\"48097738\" data-element_type=\"widget\" data-widget_type=\"heading.default\">\n\t\t\t\t<div class=\"elementor-widget-container\">\n\t\t\t\t\t<h1 class=\"elementor-heading-title elementor-size-large\">B'MIX<br>stores, <span data-elementor-setting-key=\"title\" data-pen-placeholder=\"\u00c9crivez ici...\" style=\"border: 0px;vertical-align: baseline;clear: both\">pergolas, <\/span>volets <\/h1>\t\t\t\t<\/div>\n\t\t\t\t<\/div>\n\t\t\t\t\t<\/div>\n\t\t<\/div>\n\t\t\t\t\t<\/div>\n\t\t<\/section>\n\t\t\t\t<section class=\"elementor-section elementor-top-section elementor-element elementor-element-74ccf517 elementor-section-content-top elementor-section-height-min-height elementor-section-boxed elementor-section-height-default elementor-section-items-middle\" data-id=\"74ccf517\" data-element_type=\"section\">\n\t\t\t\t\t\t<div class=\"elementor-container elementor-column-gap-no\">\n\t\t\t\t\t<div class=\"elementor-column elementor-col-50 elementor-top-column elementor-element elementor-element-5dce9e2b\" data-id=\"5dce9e2b\" data-element_type=\"column\" data-settings=\"{&quot;background_background&quot;:&quot;classic&quot;}\">\n\t\t\t<div class=\"elementor-widget-wrap elementor-element-populated\">\n\t\t\t\t\t\t<div class=\"elementor-element elementor-element-167a23a6 elementor-widget elementor-widget-image\" data-id=\"167a23a6\" data-element_type=\"widget\" data-widget_type=\"image.default\">\n\t\t\t\t<div class=\"elementor-widget-container\">\n\t\t\t\t\t\t\t\t\t\t\t\t\t\t\t<img decoding=\"async\" width=\"90\" height=\"90\" src=\"https:\/\/www.salonhabitatdeco.fr\/wp-content\/uploads\/2025\/03\/e4d26c0dec0c5f96b2d654f34d623929.webp\" class=\"attachment-thumbnail size-thumbnail wp-image-4544\" alt=\"\" \/>\t\t\t\t\t\t\t\t\t\t\t\t\t\t\t<\/div>\n\t\t\t\t<\/div>\n\t\t\t\t<div class=\"elementor-element elementor-element-47a6b2f9 elementor-widget elementor-widget-text-editor\" data-id=\"47a6b2f9\" data-element_type=\"widget\" data-widget_type=\"text-editor.default\">\n\t\t\t\t<div class=\"elementor-widget-container\">\n\t\t\t\t\t\t\t\t\t<p>B&rsquo;MIX &#8211; Stores, pergolas, volets \u00e0 L\u00e8ge Cap-Ferret 33950<\/p>\n<p>Concessionnaire de nombreuses marques nationales, nous faisons en sorte de vous proposer toute une gamme de <b>stores d\u2019int\u00e9rieurs et ext\u00e9rieurs<\/b>, <b>volets roulants<\/b>, <b>portes de garages<\/b>, <b>pergolas<\/b> et <b>carports<\/b>, <b>menuiseries ALU\/PVC<\/b> d\u2019un tr\u00e8s bon rapport qualit\u00e9 prix. Les valeurs fondamentales de B\u2019MIX, telles que la fiabilit\u00e9, l&rsquo;innovation et la satisfaction client, restent au c\u0153ur de toutes ses op\u00e9rations.<\/p>\t\t\t\t\t\t\t\t<\/div>\n\t\t\t\t<\/div>\n\t\t\t\t\t<\/div>\n\t\t<\/div>\n\t\t\t\t<div class=\"elementor-column elementor-col-50 elementor-top-column elementor-element elementor-element-372f59de\" data-id=\"372f59de\" data-element_type=\"column\" data-settings=\"{&quot;background_background&quot;:&quot;slideshow&quot;,&quot;background_slideshow_gallery&quot;:[{&quot;id&quot;:4545,&quot;url&quot;:&quot;https:\\\/\\\/www.salonhabitatdeco.fr\\\/wp-content\\\/uploads\\\/2025\\\/03\\\/SH-2025-modele-visuel-exposant-site-internet-salon-3-3.png&quot;}],&quot;background_slideshow_slide_transition&quot;:&quot;slide_left&quot;,&quot;background_slideshow_loop&quot;:&quot;yes&quot;,&quot;background_slideshow_slide_duration&quot;:5000,&quot;background_slideshow_transition_duration&quot;:500}\">\n\t\t\t<div class=\"elementor-widget-wrap elementor-element-populated\">\n\t\t\t\t\t\t<div class=\"elementor-element elementor-element-5bc39466 elementor-widget elementor-widget-spacer\" data-id=\"5bc39466\" data-element_type=\"widget\" data-widget_type=\"spacer.default\">\n\t\t\t\t<div class=\"elementor-widget-container\">\n\t\t\t\t\t\t\t<div class=\"elementor-spacer\">\n\t\t\t<div class=\"elementor-spacer-inner\"><\/div>\n\t\t<\/div>\n\t\t\t\t\t\t<\/div>\n\t\t\t\t<\/div>\n\t\t\t\t\t<\/div>\n\t\t<\/div>\n\t\t\t\t\t<\/div>\n\t\t<\/section>\n\t\t\t\t<section class=\"elementor-section elementor-top-section elementor-element elementor-element-67faa4b6 elementor-section-content-middle elementor-reverse-mobile elementor-section-height-min-height elementor-section-boxed elementor-section-height-default elementor-section-items-middle\" data-id=\"67faa4b6\" data-element_type=\"section\" data-settings=\"{&quot;background_background&quot;:&quot;classic&quot;}\">\n\t\t\t\t\t\t<div class=\"elementor-container elementor-column-gap-no\">\n\t\t\t\t\t<div class=\"elementor-column elementor-col-50 elementor-top-column elementor-element elementor-element-716ebb8a\" data-id=\"716ebb8a\" data-element_type=\"column\" data-settings=\"{&quot;background_background&quot;:&quot;classic&quot;}\">\n\t\t\t<div class=\"elementor-widget-wrap elementor-element-populated\">\n\t\t\t\t\t\t<div class=\"elementor-element elementor-element-528a3833 elementor-widget elementor-widget-google_maps\" data-id=\"528a3833\" data-element_type=\"widget\" data-widget_type=\"google_maps.default\">\n\t\t\t\t<div class=\"elementor-widget-container\">\n\t\t\t\t\t\t\t<div class=\"elementor-custom-embed\">\n\t\t\t<iframe loading=\"lazy\"\n\t\t\t\t\tsrc=\"https:\/\/maps.google.com\/maps?q=b%27mix%20cap%20ferret&#038;t=m&#038;z=14&#038;output=embed&#038;iwloc=near\"\n\t\t\t\t\ttitle=\"b&#039;mix cap ferret\"\n\t\t\t\t\taria-label=\"b&#039;mix cap ferret\"\n\t\t\t><\/iframe>\n\t\t<\/div>\n\t\t\t\t\t\t<\/div>\n\t\t\t\t<\/div>\n\t\t\t\t\t<\/div>\n\t\t<\/div>\n\t\t\t\t<div class=\"elementor-column elementor-col-50 elementor-top-column elementor-element elementor-element-aae6ebe\" data-id=\"aae6ebe\" data-element_type=\"column\" data-settings=\"{&quot;background_background&quot;:&quot;classic&quot;}\">\n\t\t\t<div class=\"elementor-widget-wrap elementor-element-populated\">\n\t\t\t\t\t\t<div class=\"elementor-element elementor-element-3e3daa6d elementor-widget elementor-widget-heading\" data-id=\"3e3daa6d\" data-element_type=\"widget\" data-widget_type=\"heading.default\">\n\t\t\t\t<div class=\"elementor-widget-container\">\n\t\t\t\t\t<h2 class=\"elementor-heading-title elementor-size-default\">STAND N\u00b0B21<\/h2>\t\t\t\t<\/div>\n\t\t\t\t<\/div>\n\t\t\t\t<div class=\"elementor-element elementor-element-51661ca6 elementor-icon-list--layout-traditional elementor-list-item-link-full_width elementor-widget elementor-widget-icon-list\" data-id=\"51661ca6\" data-element_type=\"widget\" data-widget_type=\"icon-list.default\">\n\t\t\t\t<div class=\"elementor-widget-container\">\n\t\t\t\t\t\t\t<ul class=\"elementor-icon-list-items\">\n\t\t\t\t\t\t\t<li class=\"elementor-icon-list-item\">\n\t\t\t\t\t\t\t\t\t\t\t<span class=\"elementor-icon-list-icon\">\n\t\t\t\t\t\t\t<i aria-hidden=\"true\" class=\"fas fa-phone\"><\/i>\t\t\t\t\t\t<\/span>\n\t\t\t\t\t\t\t\t\t\t<span class=\"elementor-icon-list-text\">05 56 86 96 03<\/span>\n\t\t\t\t\t\t\t\t\t<\/li>\n\t\t\t\t\t\t\t\t<li class=\"elementor-icon-list-item\">\n\t\t\t\t\t\t\t\t\t\t\t<a href=\"mailto:contact@bmix.fr\">\n\n\t\t\t\t\t\t\t\t\t\t\t\t<span class=\"elementor-icon-list-icon\">\n\t\t\t\t\t\t\t<i aria-hidden=\"true\" class=\"fas fa-envelope\"><\/i>\t\t\t\t\t\t<\/span>\n\t\t\t\t\t\t\t\t\t\t<span class=\"elementor-icon-list-text\">contact@bmix.fr<\/span>\n\t\t\t\t\t\t\t\t\t\t\t<\/a>\n\t\t\t\t\t\t\t\t\t<\/li>\n\t\t\t\t\t\t\t\t<li class=\"elementor-icon-list-item\">\n\t\t\t\t\t\t\t\t\t\t\t<a href=\"https:\/\/www.rcommerce.fr\/boutiques\/show\/bmix-1525\">\n\n\t\t\t\t\t\t\t\t\t\t\t\t<span class=\"elementor-icon-list-icon\">\n\t\t\t\t\t\t\t<i aria-hidden=\"true\" class=\"fas fa-link\"><\/i>\t\t\t\t\t\t<\/span>\n\t\t\t\t\t\t\t\t\t\t<span class=\"elementor-icon-list-text\">site internet<\/span>\n\t\t\t\t\t\t\t\t\t\t\t<\/a>\n\t\t\t\t\t\t\t\t\t<\/li>\n\t\t\t\t\t\t<\/ul>\n\t\t\t\t\t\t<\/div>\n\t\t\t\t<\/div>\n\t\t\t\t\t<\/div>\n\t\t<\/div>\n\t\t\t\t\t<\/div>\n\t\t<\/section>\n\t\t\t\t<section class=\"elementor-section elementor-top-section elementor-element elementor-element-a218772 elementor-section-boxed elementor-section-height-default elementor-section-height-default\" data-id=\"a218772\" data-element_type=\"section\">\n\t\t\t\t\t\t<div class=\"elementor-container elementor-column-gap-default\">\n\t\t\t\t\t<div class=\"elementor-column elementor-col-100 elementor-top-column elementor-element elementor-element-2086ec67\" data-id=\"2086ec67\" data-element_type=\"column\">\n\t\t\t<div class=\"elementor-widget-wrap elementor-element-populated\">\n\t\t\t\t\t\t<div class=\"elementor-element elementor-element-2c7db4e9 elementor-widget elementor-widget-spacer\" data-id=\"2c7db4e9\" data-element_type=\"widget\" data-widget_type=\"spacer.default\">\n\t\t\t\t<div class=\"elementor-widget-container\">\n\t\t\t\t\t\t\t<div class=\"elementor-spacer\">\n\t\t\t<div class=\"elementor-spacer-inner\"><\/div>\n\t\t<\/div>\n\t\t\t\t\t\t<\/div>\n\t\t\t\t<\/div>\n\t\t\t\t\t<\/div>\n\t\t<\/div>\n\t\t\t\t\t<\/div>\n\t\t<\/section>\n\t\t\t\t<section class=\"elementor-section elementor-top-section elementor-element elementor-element-5117b6b3 elementor-section-boxed elementor-section-height-default elementor-section-height-default\" data-id=\"5117b6b3\" data-element_type=\"section\">\n\t\t\t\t\t\t<div class=\"elementor-container elementor-column-gap-default\">\n\t\t\t\t\t<div class=\"elementor-column elementor-col-100 elementor-top-column elementor-element elementor-element-5fc91f20\" data-id=\"5fc91f20\" data-element_type=\"column\">\n\t\t\t<div class=\"elementor-widget-wrap elementor-element-populated\">\n\t\t\t\t\t\t<div class=\"elementor-element elementor-element-4fe32f14 elementor-widget elementor-widget-heading\" data-id=\"4fe32f14\" data-element_type=\"widget\" data-widget_type=\"heading.default\">\n\t\t\t\t<div class=\"elementor-widget-container\">\n\t\t\t\t\t<h2 class=\"elementor-heading-title elementor-size-default\">RETROUVEZ-nous SUR LE SALON<\/h2>\t\t\t\t<\/div>\n\t\t\t\t<\/div>\n\t\t\t\t<div class=\"elementor-element elementor-element-12dac1eb elementor-widget elementor-widget-image\" data-id=\"12dac1eb\" data-element_type=\"widget\" data-widget_type=\"image.default\">\n\t\t\t\t<div class=\"elementor-widget-container\">\n\t\t\t\t\t\t\t\t\t\t\t\t\t\t\t<img fetchpriority=\"high\" decoding=\"async\" width=\"1024\" height=\"576\" src=\"https:\/\/www.salonhabitatdeco.fr\/wp-content\/uploads\/2025\/03\/B21-1024x576.jpg\" class=\"attachment-large size-large wp-image-4325\" alt=\"\" srcset=\"https:\/\/www.salonhabitatdeco.fr\/wp-content\/uploads\/2025\/03\/B21-1024x576.jpg 1024w, https:\/\/www.salonhabitatdeco.fr\/wp-content\/uploads\/2025\/03\/B21-300x169.jpg 300w, https:\/\/www.salonhabitatdeco.fr\/wp-content\/uploads\/2025\/03\/B21-768x432.jpg 768w, https:\/\/www.salonhabitatdeco.fr\/wp-content\/uploads\/2025\/03\/B21-1536x864.jpg 1536w, https:\/\/www.salonhabitatdeco.fr\/wp-content\/uploads\/2025\/03\/B21.jpg 1920w\" sizes=\"(max-width: 1024px) 100vw, 1024px\" \/>\t\t\t\t\t\t\t\t\t\t\t\t\t\t\t<\/div>\n\t\t\t\t<\/div>\n\t\t\t\t\t<\/div>\n\t\t<\/div>\n\t\t\t\t\t<\/div>\n\t\t<\/section>\n\t\t\t\t<section class=\"elementor-section elementor-top-section elementor-element elementor-element-8362974 elementor-section-boxed elementor-section-height-default elementor-section-height-default\" data-id=\"8362974\" data-element_type=\"section\">\n\t\t\t\t\t\t<div class=\"elementor-container elementor-column-gap-default\">\n\t\t\t\t\t<div class=\"elementor-column elementor-col-100 elementor-top-column elementor-element elementor-element-3ad17356\" data-id=\"3ad17356\" data-element_type=\"column\">\n\t\t\t<div class=\"elementor-widget-wrap elementor-element-populated\">\n\t\t\t\t\t\t<div class=\"elementor-element elementor-element-408cc8c4 elementor-widget elementor-widget-spacer\" data-id=\"408cc8c4\" data-element_type=\"widget\" data-widget_type=\"spacer.default\">\n\t\t\t\t<div class=\"elementor-widget-container\">\n\t\t\t\t\t\t\t<div class=\"elementor-spacer\">\n\t\t\t<div class=\"elementor-spacer-inner\"><\/div>\n\t\t<\/div>\n\t\t\t\t\t\t<\/div>\n\t\t\t\t<\/div>\n\t\t\t\t\t<\/div>\n\t\t<\/div>\n\t\t\t\t\t<\/div>\n\t\t<\/section>\n\t\t\t\t<\/div>\n\t\t","protected":false},"excerpt":{"rendered":"<p>B&rsquo;MIXstores, pergolas, volets B&rsquo;MIX &#8211; Stores, pergolas, volets \u00e0 L\u00e8ge Cap-Ferret 33950 Concessionnaire de nombreuses marques nationales, nous faisons en sorte de vous proposer toute une gamme de stores d\u2019int\u00e9rieurs et ext\u00e9rieurs, volets roulants, portes de garages, pergolas et carports, menuiseries ALU\/PVC d\u2019un tr\u00e8s bon rapport qualit\u00e9 prix. Les valeurs fondamentales de B\u2019MIX, telles que &hellip;<\/p>\n<p class=\"read-more\"> <a class=\"\" href=\"https:\/\/www.salonhabitatdeco.fr\/index.php\/2025\/03\/12\/bmix\/\"> <span class=\"screen-reader-text\">B&rsquo;MIX<\/span> Lire la suite\u00a0\u00bb<\/a><\/p>\n","protected":false},"author":1,"featured_media":0,"comment_status":"open","ping_status":"open","sticky":false,"template":"","format":"standard","meta":{"om_disable_all_campaigns":false,"_monsterinsights_skip_tracking":false,"_monsterinsights_sitenote_active":false,"_monsterinsights_sitenote_note":"","_monsterinsights_sitenote_category":0,"_uf_show_specific_survey":0,"_uf_disable_surveys":false,"footnotes":""},"categories":[40,1],"tags":[],"aioseo_notices":[],"yoast_head":"<!-- This site is optimized with the Yoast SEO plugin v21.2 - https:\/\/yoast.com\/wordpress\/plugins\/seo\/ -->\n<title>B&#039;MIX - Salon de l&#039;Habitat et de la D\u00e9coration du Val de l&#039;Eyre<\/title>\n<meta name=\"robots\" content=\"index, follow, max-snippet:-1, max-image-preview:large, max-video-preview:-1\" \/>\n<link rel=\"canonical\" href=\"https:\/\/www.salonhabitatdeco.fr\/index.php\/2025\/03\/12\/bmix\/\" \/>\n<meta property=\"og:locale\" content=\"fr_FR\" \/>\n<meta property=\"og:type\" content=\"article\" \/>\n<meta property=\"og:title\" content=\"B&#039;MIX - Salon de l&#039;Habitat et de la D\u00e9coration du Val de l&#039;Eyre\" \/>\n<meta property=\"og:description\" content=\"B&rsquo;MIXstores, pergolas, volets B&rsquo;MIX &#8211; Stores, pergolas, volets \u00e0 L\u00e8ge Cap-Ferret 33950 Concessionnaire de nombreuses marques nationales, nous faisons en sorte de vous proposer toute une gamme de stores d\u2019int\u00e9rieurs et ext\u00e9rieurs, volets roulants, portes de garages, pergolas et carports, menuiseries ALU\/PVC d\u2019un tr\u00e8s bon rapport qualit\u00e9 prix. Les valeurs fondamentales de B\u2019MIX, telles que &hellip; B&rsquo;MIX Lire la suite\u00a0\u00bb\" \/>\n<meta property=\"og:url\" content=\"https:\/\/www.salonhabitatdeco.fr\/index.php\/2025\/03\/12\/bmix\/\" \/>\n<meta property=\"og:site_name\" content=\"Salon de l&#039;Habitat et de la D\u00e9coration du Val de l&#039;Eyre\" \/>\n<meta property=\"article:publisher\" content=\"https:\/\/www.facebook.com\/salonhabitatbarp\" \/>\n<meta property=\"article:published_time\" content=\"2025-03-12T09:33:01+00:00\" \/>\n<meta property=\"article:modified_time\" content=\"2025-03-31T15:14:32+00:00\" \/>\n<meta property=\"og:image\" content=\"https:\/\/www.salonhabitatdeco.fr\/wp-content\/uploads\/2025\/03\/e4d26c0dec0c5f96b2d654f34d623929.webp\" \/>\n<meta name=\"author\" content=\"admin9982\" \/>\n<meta name=\"twitter:card\" content=\"summary_large_image\" \/>\n<meta name=\"twitter:label1\" content=\"\u00c9crit par\" \/>\n\t<meta name=\"twitter:data1\" content=\"admin9982\" \/>\n<script type=\"application\/ld+json\" class=\"yoast-schema-graph\">{\"@context\":\"https:\/\/schema.org\",\"@graph\":[{\"@type\":\"Article\",\"@id\":\"https:\/\/www.salonhabitatdeco.fr\/index.php\/2025\/03\/12\/bmix\/#article\",\"isPartOf\":{\"@id\":\"https:\/\/www.salonhabitatdeco.fr\/index.php\/2025\/03\/12\/bmix\/\"},\"author\":{\"name\":\"admin9982\",\"@id\":\"https:\/\/www.salonhabitatdeco.fr\/#\/schema\/person\/a72c2c457fc0f86e92bc4c6dc84aeca1\"},\"headline\":\"B&rsquo;MIX\",\"datePublished\":\"2025-03-12T09:33:01+00:00\",\"dateModified\":\"2025-03-31T15:14:32+00:00\",\"mainEntityOfPage\":{\"@id\":\"https:\/\/www.salonhabitatdeco.fr\/index.php\/2025\/03\/12\/bmix\/\"},\"wordCount\":90,\"commentCount\":0,\"publisher\":{\"@id\":\"https:\/\/www.salonhabitatdeco.fr\/#organization\"},\"articleSection\":[\"MENUISERIE - FERMETURES - V\u00c9RANDAS\"],\"inLanguage\":\"fr-FR\",\"potentialAction\":[{\"@type\":\"CommentAction\",\"name\":\"Comment\",\"target\":[\"https:\/\/www.salonhabitatdeco.fr\/index.php\/2025\/03\/12\/bmix\/#respond\"]}]},{\"@type\":\"WebPage\",\"@id\":\"https:\/\/www.salonhabitatdeco.fr\/index.php\/2025\/03\/12\/bmix\/\",\"url\":\"https:\/\/www.salonhabitatdeco.fr\/index.php\/2025\/03\/12\/bmix\/\",\"name\":\"B'MIX - Salon de l&#039;Habitat et de la D\u00e9coration du Val de l&#039;Eyre\",\"isPartOf\":{\"@id\":\"https:\/\/www.salonhabitatdeco.fr\/#website\"},\"datePublished\":\"2025-03-12T09:33:01+00:00\",\"dateModified\":\"2025-03-31T15:14:32+00:00\",\"breadcrumb\":{\"@id\":\"https:\/\/www.salonhabitatdeco.fr\/index.php\/2025\/03\/12\/bmix\/#breadcrumb\"},\"inLanguage\":\"fr-FR\",\"potentialAction\":[{\"@type\":\"ReadAction\",\"target\":[\"https:\/\/www.salonhabitatdeco.fr\/index.php\/2025\/03\/12\/bmix\/\"]}]},{\"@type\":\"BreadcrumbList\",\"@id\":\"https:\/\/www.salonhabitatdeco.fr\/index.php\/2025\/03\/12\/bmix\/#breadcrumb\",\"itemListElement\":[{\"@type\":\"ListItem\",\"position\":1,\"name\":\"Accueil\",\"item\":\"https:\/\/www.salonhabitatdeco.fr\/\"},{\"@type\":\"ListItem\",\"position\":2,\"name\":\"B&rsquo;MIX\"}]},{\"@type\":\"WebSite\",\"@id\":\"https:\/\/www.salonhabitatdeco.fr\/#website\",\"url\":\"https:\/\/www.salonhabitatdeco.fr\/\",\"name\":\"Salon de l&#039;Habitat et de la D\u00e9coration du Val de l&#039;Eyre\",\"description\":\"\",\"publisher\":{\"@id\":\"https:\/\/www.salonhabitatdeco.fr\/#organization\"},\"potentialAction\":[{\"@type\":\"SearchAction\",\"target\":{\"@type\":\"EntryPoint\",\"urlTemplate\":\"https:\/\/www.salonhabitatdeco.fr\/?s={search_term_string}\"},\"query-input\":\"required name=search_term_string\"}],\"inLanguage\":\"fr-FR\"},{\"@type\":\"Organization\",\"@id\":\"https:\/\/www.salonhabitatdeco.fr\/#organization\",\"name\":\"Salon de l&#039;Habitat et de la D\u00e9coration du Val de l&#039;Eyre\",\"url\":\"https:\/\/www.salonhabitatdeco.fr\/\",\"logo\":{\"@type\":\"ImageObject\",\"inLanguage\":\"fr-FR\",\"@id\":\"https:\/\/www.salonhabitatdeco.fr\/#\/schema\/logo\/image\/\",\"url\":\"\",\"contentUrl\":\"\",\"caption\":\"Salon de l&#039;Habitat et de la D\u00e9coration du Val de l&#039;Eyre\"},\"image\":{\"@id\":\"https:\/\/www.salonhabitatdeco.fr\/#\/schema\/logo\/image\/\"},\"sameAs\":[\"https:\/\/www.facebook.com\/salonhabitatbarp\"]},{\"@type\":\"Person\",\"@id\":\"https:\/\/www.salonhabitatdeco.fr\/#\/schema\/person\/a72c2c457fc0f86e92bc4c6dc84aeca1\",\"name\":\"admin9982\",\"image\":{\"@type\":\"ImageObject\",\"inLanguage\":\"fr-FR\",\"@id\":\"https:\/\/www.salonhabitatdeco.fr\/#\/schema\/person\/image\/\",\"url\":\"https:\/\/secure.gravatar.com\/avatar\/66b8f9fbaa6ee697bf33a3191e31f104?s=96&d=mm&r=g\",\"contentUrl\":\"https:\/\/secure.gravatar.com\/avatar\/66b8f9fbaa6ee697bf33a3191e31f104?s=96&d=mm&r=g\",\"caption\":\"admin9982\"},\"sameAs\":[\"http:\/\/salonhabitatdeco.fr\"],\"url\":\"https:\/\/www.salonhabitatdeco.fr\/index.php\/author\/admin9982\/\"}]}<\/script>\n<!-- \/ Yoast SEO plugin. -->","yoast_head_json":{"title":"B'MIX - Salon de l&#039;Habitat et de la D\u00e9coration du Val de l&#039;Eyre","robots":{"index":"index","follow":"follow","max-snippet":"max-snippet:-1","max-image-preview":"max-image-preview:large","max-video-preview":"max-video-preview:-1"},"canonical":"https:\/\/www.salonhabitatdeco.fr\/index.php\/2025\/03\/12\/bmix\/","og_locale":"fr_FR","og_type":"article","og_title":"B'MIX - Salon de l&#039;Habitat et de la D\u00e9coration du Val de l&#039;Eyre","og_description":"B&rsquo;MIXstores, pergolas, volets B&rsquo;MIX &#8211; Stores, pergolas, volets \u00e0 L\u00e8ge Cap-Ferret 33950 Concessionnaire de nombreuses marques nationales, nous faisons en sorte de vous proposer toute une gamme de stores d\u2019int\u00e9rieurs et ext\u00e9rieurs, volets roulants, portes de garages, pergolas et carports, menuiseries ALU\/PVC d\u2019un tr\u00e8s bon rapport qualit\u00e9 prix. Les valeurs fondamentales de B\u2019MIX, telles que &hellip; B&rsquo;MIX Lire la suite\u00a0\u00bb","og_url":"https:\/\/www.salonhabitatdeco.fr\/index.php\/2025\/03\/12\/bmix\/","og_site_name":"Salon de l&#039;Habitat et de la D\u00e9coration du Val de l&#039;Eyre","article_publisher":"https:\/\/www.facebook.com\/salonhabitatbarp","article_published_time":"2025-03-12T09:33:01+00:00","article_modified_time":"2025-03-31T15:14:32+00:00","og_image":[{"url":"https:\/\/www.salonhabitatdeco.fr\/wp-content\/uploads\/2025\/03\/e4d26c0dec0c5f96b2d654f34d623929.webp"}],"author":"admin9982","twitter_card":"summary_large_image","twitter_misc":{"\u00c9crit par":"admin9982"},"schema":{"@context":"https:\/\/schema.org","@graph":[{"@type":"Article","@id":"https:\/\/www.salonhabitatdeco.fr\/index.php\/2025\/03\/12\/bmix\/#article","isPartOf":{"@id":"https:\/\/www.salonhabitatdeco.fr\/index.php\/2025\/03\/12\/bmix\/"},"author":{"name":"admin9982","@id":"https:\/\/www.salonhabitatdeco.fr\/#\/schema\/person\/a72c2c457fc0f86e92bc4c6dc84aeca1"},"headline":"B&rsquo;MIX","datePublished":"2025-03-12T09:33:01+00:00","dateModified":"2025-03-31T15:14:32+00:00","mainEntityOfPage":{"@id":"https:\/\/www.salonhabitatdeco.fr\/index.php\/2025\/03\/12\/bmix\/"},"wordCount":90,"commentCount":0,"publisher":{"@id":"https:\/\/www.salonhabitatdeco.fr\/#organization"},"articleSection":["MENUISERIE - FERMETURES - V\u00c9RANDAS"],"inLanguage":"fr-FR","potentialAction":[{"@type":"CommentAction","name":"Comment","target":["https:\/\/www.salonhabitatdeco.fr\/index.php\/2025\/03\/12\/bmix\/#respond"]}]},{"@type":"WebPage","@id":"https:\/\/www.salonhabitatdeco.fr\/index.php\/2025\/03\/12\/bmix\/","url":"https:\/\/www.salonhabitatdeco.fr\/index.php\/2025\/03\/12\/bmix\/","name":"B'MIX - Salon de l&#039;Habitat et de la D\u00e9coration du Val de l&#039;Eyre","isPartOf":{"@id":"https:\/\/www.salonhabitatdeco.fr\/#website"},"datePublished":"2025-03-12T09:33:01+00:00","dateModified":"2025-03-31T15:14:32+00:00","breadcrumb":{"@id":"https:\/\/www.salonhabitatdeco.fr\/index.php\/2025\/03\/12\/bmix\/#breadcrumb"},"inLanguage":"fr-FR","potentialAction":[{"@type":"ReadAction","target":["https:\/\/www.salonhabitatdeco.fr\/index.php\/2025\/03\/12\/bmix\/"]}]},{"@type":"BreadcrumbList","@id":"https:\/\/www.salonhabitatdeco.fr\/index.php\/2025\/03\/12\/bmix\/#breadcrumb","itemListElement":[{"@type":"ListItem","position":1,"name":"Accueil","item":"https:\/\/www.salonhabitatdeco.fr\/"},{"@type":"ListItem","position":2,"name":"B&rsquo;MIX"}]},{"@type":"WebSite","@id":"https:\/\/www.salonhabitatdeco.fr\/#website","url":"https:\/\/www.salonhabitatdeco.fr\/","name":"Salon de l&#039;Habitat et de la D\u00e9coration du Val de l&#039;Eyre","description":"","publisher":{"@id":"https:\/\/www.salonhabitatdeco.fr\/#organization"},"potentialAction":[{"@type":"SearchAction","target":{"@type":"EntryPoint","urlTemplate":"https:\/\/www.salonhabitatdeco.fr\/?s={search_term_string}"},"query-input":"required name=search_term_string"}],"inLanguage":"fr-FR"},{"@type":"Organization","@id":"https:\/\/www.salonhabitatdeco.fr\/#organization","name":"Salon de l&#039;Habitat et de la D\u00e9coration du Val de l&#039;Eyre","url":"https:\/\/www.salonhabitatdeco.fr\/","logo":{"@type":"ImageObject","inLanguage":"fr-FR","@id":"https:\/\/www.salonhabitatdeco.fr\/#\/schema\/logo\/image\/","url":"","contentUrl":"","caption":"Salon de l&#039;Habitat et de la D\u00e9coration du Val de l&#039;Eyre"},"image":{"@id":"https:\/\/www.salonhabitatdeco.fr\/#\/schema\/logo\/image\/"},"sameAs":["https:\/\/www.facebook.com\/salonhabitatbarp"]},{"@type":"Person","@id":"https:\/\/www.salonhabitatdeco.fr\/#\/schema\/person\/a72c2c457fc0f86e92bc4c6dc84aeca1","name":"admin9982","image":{"@type":"ImageObject","inLanguage":"fr-FR","@id":"https:\/\/www.salonhabitatdeco.fr\/#\/schema\/person\/image\/","url":"https:\/\/secure.gravatar.com\/avatar\/66b8f9fbaa6ee697bf33a3191e31f104?s=96&d=mm&r=g","contentUrl":"https:\/\/secure.gravatar.com\/avatar\/66b8f9fbaa6ee697bf33a3191e31f104?s=96&d=mm&r=g","caption":"admin9982"},"sameAs":["http:\/\/salonhabitatdeco.fr"],"url":"https:\/\/www.salonhabitatdeco.fr\/index.php\/author\/admin9982\/"}]}},"_links":{"self":[{"href":"https:\/\/www.salonhabitatdeco.fr\/index.php\/wp-json\/wp\/v2\/posts\/4542"}],"collection":[{"href":"https:\/\/www.salonhabitatdeco.fr\/index.php\/wp-json\/wp\/v2\/posts"}],"about":[{"href":"https:\/\/www.salonhabitatdeco.fr\/index.php\/wp-json\/wp\/v2\/types\/post"}],"author":[{"embeddable":true,"href":"https:\/\/www.salonhabitatdeco.fr\/index.php\/wp-json\/wp\/v2\/users\/1"}],"replies":[{"embeddable":true,"href":"https:\/\/www.salonhabitatdeco.fr\/index.php\/wp-json\/wp\/v2\/comments?post=4542"}],"version-history":[{"count":4,"href":"https:\/\/www.salonhabitatdeco.fr\/index.php\/wp-json\/wp\/v2\/posts\/4542\/revisions"}],"predecessor-version":[{"id":4548,"href":"https:\/\/www.salonhabitatdeco.fr\/index.php\/wp-json\/wp\/v2\/posts\/4542\/revisions\/4548"}],"wp:attachment":[{"href":"https:\/\/www.salonhabitatdeco.fr\/index.php\/wp-json\/wp\/v2\/media?parent=4542"}],"wp:term":[{"taxonomy":"category","embeddable":true,"href":"https:\/\/www.salonhabitatdeco.fr\/index.php\/wp-json\/wp\/v2\/categories?post=4542"},{"taxonomy":"post_tag","embeddable":true,"href":"https:\/\/www.salonhabitatdeco.fr\/index.php\/wp-json\/wp\/v2\/tags?post=4542"}],"curies":[{"name":"wp","href":"https:\/\/api.w.org\/{rel}","templated":true}]}}