{"id":754,"date":"2021-09-07T14:15:36","date_gmt":"2021-09-07T12:15:36","guid":{"rendered":"https:\/\/www.salonhabitatdeco.fr\/?p=754"},"modified":"2025-03-11T11:53:16","modified_gmt":"2025-03-11T10:53:16","slug":"aquitaine-dtp","status":"publish","type":"post","link":"https:\/\/www.salonhabitatdeco.fr\/index.php\/2021\/09\/07\/aquitaine-dtp\/","title":{"rendered":"AQUITAINE DTP"},"content":{"rendered":"\t\t<div data-elementor-type=\"wp-post\" data-elementor-id=\"754\" class=\"elementor elementor-754\" data-elementor-post-type=\"post\">\n\t\t\t\t\t\t<section class=\"elementor-section elementor-top-section elementor-element elementor-element-3bbc1a52 elementor-section-boxed elementor-section-height-default elementor-section-height-default\" data-id=\"3bbc1a52\" data-element_type=\"section\" data-settings=\"{&quot;background_background&quot;:&quot;classic&quot;}\">\n\t\t\t\t\t\t<div class=\"elementor-container elementor-column-gap-default\">\n\t\t\t\t\t<div class=\"elementor-column elementor-col-100 elementor-top-column elementor-element elementor-element-246b3685\" data-id=\"246b3685\" data-element_type=\"column\">\n\t\t\t<div class=\"elementor-widget-wrap elementor-element-populated\">\n\t\t\t\t\t\t<div class=\"elementor-element elementor-element-352c709d elementor-widget elementor-widget-heading\" data-id=\"352c709d\" data-element_type=\"widget\" data-widget_type=\"heading.default\">\n\t\t\t\t<div class=\"elementor-widget-container\">\n\t\t\t\t\t<h1 class=\"elementor-heading-title elementor-size-large\">Aquitaine DTP<br>enrob\u00e9, terrassement<\/h1>\t\t\t\t<\/div>\n\t\t\t\t<\/div>\n\t\t\t\t\t<\/div>\n\t\t<\/div>\n\t\t\t\t\t<\/div>\n\t\t<\/section>\n\t\t\t\t<section class=\"elementor-section elementor-top-section elementor-element elementor-element-73602fc0 elementor-section-content-top elementor-section-height-min-height elementor-section-boxed elementor-section-height-default elementor-section-items-middle\" data-id=\"73602fc0\" data-element_type=\"section\">\n\t\t\t\t\t\t<div class=\"elementor-container elementor-column-gap-no\">\n\t\t\t\t\t<div class=\"elementor-column elementor-col-50 elementor-top-column elementor-element elementor-element-15668af1\" data-id=\"15668af1\" data-element_type=\"column\" data-settings=\"{&quot;background_background&quot;:&quot;classic&quot;}\">\n\t\t\t<div class=\"elementor-widget-wrap elementor-element-populated\">\n\t\t\t\t\t\t<div class=\"elementor-element elementor-element-18e33cca elementor-widget elementor-widget-image\" data-id=\"18e33cca\" data-element_type=\"widget\" data-widget_type=\"image.default\">\n\t\t\t\t<div class=\"elementor-widget-container\">\n\t\t\t\t\t\t\t\t\t\t\t\t\t\t\t<img decoding=\"async\" width=\"90\" height=\"90\" src=\"https:\/\/www.salonhabitatdeco.fr\/wp-content\/uploads\/2021\/09\/9d06f726ffb6e538351e59bc16ef6403.webp\" class=\"attachment-thumbnail size-thumbnail wp-image-4442\" alt=\"\" \/>\t\t\t\t\t\t\t\t\t\t\t\t\t\t\t<\/div>\n\t\t\t\t<\/div>\n\t\t\t\t<div class=\"elementor-element elementor-element-3f70a1f1 elementor-widget elementor-widget-text-editor\" data-id=\"3f70a1f1\" data-element_type=\"widget\" data-widget_type=\"text-editor.default\">\n\t\t\t\t<div class=\"elementor-widget-container\">\n\t\t\t\t\t\t\t\t\t<p>Aquitaine DTP &#8211; VRD, enrob\u00e9, calcaire, bordures, pav\u00e9s \u00e0 Mios&nbsp;<span style=\"font-weight: var( --e-global-typography-primary-font-weight ); font-size: 1rem;\">33380<\/span><\/p>\n<p>Toute l&rsquo;\u00e9quipe d&rsquo; Aquitaine DTP est a\u0300 votre disposition pour tous vos travaux d&rsquo;enrobe\u0301s, de terrassement et bien d&rsquo;autres services. Les services propos\u00e9s : &#8211; Enrob\u00e9s &#8211; Terrassement &#8211; Assainissement &#8211; Cl\u00f4tures<\/p>\t\t\t\t\t\t\t\t<\/div>\n\t\t\t\t<\/div>\n\t\t\t\t\t<\/div>\n\t\t<\/div>\n\t\t\t\t<div class=\"elementor-column elementor-col-50 elementor-top-column elementor-element elementor-element-7a3bbbc8\" data-id=\"7a3bbbc8\" data-element_type=\"column\" data-settings=\"{&quot;background_background&quot;:&quot;slideshow&quot;,&quot;background_slideshow_gallery&quot;:[{&quot;id&quot;:4444,&quot;url&quot;:&quot;https:\\\/\\\/www.salonhabitatdeco.fr\\\/wp-content\\\/uploads\\\/2021\\\/09\\\/SH-2025-modele-visuel-exposant-site-internet-salon-5-1.png&quot;}],&quot;background_slideshow_slide_transition&quot;:&quot;slide_left&quot;,&quot;background_slideshow_loop&quot;:&quot;yes&quot;,&quot;background_slideshow_slide_duration&quot;:5000,&quot;background_slideshow_transition_duration&quot;:500}\">\n\t\t\t<div class=\"elementor-widget-wrap elementor-element-populated\">\n\t\t\t\t\t\t<div class=\"elementor-element elementor-element-7803a9cd elementor-widget elementor-widget-spacer\" data-id=\"7803a9cd\" data-element_type=\"widget\" data-widget_type=\"spacer.default\">\n\t\t\t\t<div class=\"elementor-widget-container\">\n\t\t\t\t\t\t\t<div class=\"elementor-spacer\">\n\t\t\t<div class=\"elementor-spacer-inner\"><\/div>\n\t\t<\/div>\n\t\t\t\t\t\t<\/div>\n\t\t\t\t<\/div>\n\t\t\t\t\t<\/div>\n\t\t<\/div>\n\t\t\t\t\t<\/div>\n\t\t<\/section>\n\t\t\t\t<section class=\"elementor-section elementor-top-section elementor-element elementor-element-5a9f5667 elementor-section-content-middle elementor-reverse-mobile elementor-section-height-min-height elementor-section-boxed elementor-section-height-default elementor-section-items-middle\" data-id=\"5a9f5667\" data-element_type=\"section\" data-settings=\"{&quot;background_background&quot;:&quot;classic&quot;}\">\n\t\t\t\t\t\t<div class=\"elementor-container elementor-column-gap-no\">\n\t\t\t\t\t<div class=\"elementor-column elementor-col-50 elementor-top-column elementor-element elementor-element-10e396b9\" data-id=\"10e396b9\" data-element_type=\"column\" data-settings=\"{&quot;background_background&quot;:&quot;classic&quot;}\">\n\t\t\t<div class=\"elementor-widget-wrap elementor-element-populated\">\n\t\t\t\t\t\t<div class=\"elementor-element elementor-element-276c1451 elementor-widget elementor-widget-google_maps\" data-id=\"276c1451\" data-element_type=\"widget\" data-widget_type=\"google_maps.default\">\n\t\t\t\t<div class=\"elementor-widget-container\">\n\t\t\t\t\t\t\t<div class=\"elementor-custom-embed\">\n\t\t\t<iframe loading=\"lazy\"\n\t\t\t\t\tsrc=\"https:\/\/maps.google.com\/maps?q=Aquitaine%20DTP&#038;t=m&#038;z=14&#038;output=embed&#038;iwloc=near\"\n\t\t\t\t\ttitle=\"Aquitaine DTP\"\n\t\t\t\t\taria-label=\"Aquitaine DTP\"\n\t\t\t><\/iframe>\n\t\t<\/div>\n\t\t\t\t\t\t<\/div>\n\t\t\t\t<\/div>\n\t\t\t\t\t<\/div>\n\t\t<\/div>\n\t\t\t\t<div class=\"elementor-column elementor-col-50 elementor-top-column elementor-element elementor-element-7edb60b9\" data-id=\"7edb60b9\" data-element_type=\"column\" data-settings=\"{&quot;background_background&quot;:&quot;classic&quot;}\">\n\t\t\t<div class=\"elementor-widget-wrap elementor-element-populated\">\n\t\t\t\t\t\t<div class=\"elementor-element elementor-element-e39e824 elementor-widget elementor-widget-heading\" data-id=\"e39e824\" data-element_type=\"widget\" data-widget_type=\"heading.default\">\n\t\t\t\t<div class=\"elementor-widget-container\">\n\t\t\t\t\t<h2 class=\"elementor-heading-title elementor-size-default\">STAND N\u00b0B27<\/h2>\t\t\t\t<\/div>\n\t\t\t\t<\/div>\n\t\t\t\t<div class=\"elementor-element elementor-element-7dbfb9f7 elementor-icon-list--layout-traditional elementor-list-item-link-full_width elementor-widget elementor-widget-icon-list\" data-id=\"7dbfb9f7\" data-element_type=\"widget\" data-widget_type=\"icon-list.default\">\n\t\t\t\t<div class=\"elementor-widget-container\">\n\t\t\t\t\t\t\t<ul class=\"elementor-icon-list-items\">\n\t\t\t\t\t\t\t<li class=\"elementor-icon-list-item\">\n\t\t\t\t\t\t\t\t\t\t\t<span class=\"elementor-icon-list-icon\">\n\t\t\t\t\t\t\t<i aria-hidden=\"true\" class=\"fas fa-phone\"><\/i>\t\t\t\t\t\t<\/span>\n\t\t\t\t\t\t\t\t\t\t<span class=\"elementor-icon-list-text\">06 60 77 21 68<\/span>\n\t\t\t\t\t\t\t\t\t<\/li>\n\t\t\t\t\t\t\t\t<li class=\"elementor-icon-list-item\">\n\t\t\t\t\t\t\t\t\t\t\t<span class=\"elementor-icon-list-icon\">\n\t\t\t\t\t\t\t<i aria-hidden=\"true\" class=\"fas fa-envelope\"><\/i>\t\t\t\t\t\t<\/span>\n\t\t\t\t\t\t\t\t\t\t<span class=\"elementor-icon-list-text\">delbos.olivier@neuf.fr<\/span>\n\t\t\t\t\t\t\t\t\t<\/li>\n\t\t\t\t\t\t\t\t<li class=\"elementor-icon-list-item\">\n\t\t\t\t\t\t\t\t\t\t\t<a href=\"https:\/\/rcommerce.fr\/boutiques\/show\/aquitaine-dtp-469\">\n\n\t\t\t\t\t\t\t\t\t\t\t\t<span class=\"elementor-icon-list-icon\">\n\t\t\t\t\t\t\t<i aria-hidden=\"true\" class=\"fas fa-link\"><\/i>\t\t\t\t\t\t<\/span>\n\t\t\t\t\t\t\t\t\t\t<span class=\"elementor-icon-list-text\">site internet<\/span>\n\t\t\t\t\t\t\t\t\t\t\t<\/a>\n\t\t\t\t\t\t\t\t\t<\/li>\n\t\t\t\t\t\t<\/ul>\n\t\t\t\t\t\t<\/div>\n\t\t\t\t<\/div>\n\t\t\t\t\t<\/div>\n\t\t<\/div>\n\t\t\t\t\t<\/div>\n\t\t<\/section>\n\t\t\t\t<section class=\"elementor-section elementor-top-section elementor-element elementor-element-3f8019c elementor-section-boxed elementor-section-height-default elementor-section-height-default\" data-id=\"3f8019c\" data-element_type=\"section\">\n\t\t\t\t\t\t<div class=\"elementor-container elementor-column-gap-default\">\n\t\t\t\t\t<div class=\"elementor-column elementor-col-100 elementor-top-column elementor-element elementor-element-53879ad\" data-id=\"53879ad\" data-element_type=\"column\">\n\t\t\t<div class=\"elementor-widget-wrap\">\n\t\t\t\t\t\t\t<\/div>\n\t\t<\/div>\n\t\t\t\t\t<\/div>\n\t\t<\/section>\n\t\t\t\t<section class=\"elementor-section elementor-top-section elementor-element elementor-element-6a0afea elementor-section-boxed elementor-section-height-default elementor-section-height-default\" data-id=\"6a0afea\" data-element_type=\"section\">\n\t\t\t\t\t\t<div class=\"elementor-container elementor-column-gap-default\">\n\t\t\t\t\t<div class=\"elementor-column elementor-col-100 elementor-top-column elementor-element elementor-element-8a70811\" data-id=\"8a70811\" data-element_type=\"column\">\n\t\t\t<div class=\"elementor-widget-wrap elementor-element-populated\">\n\t\t\t\t\t\t<div class=\"elementor-element elementor-element-2c64339 elementor-widget elementor-widget-heading\" data-id=\"2c64339\" data-element_type=\"widget\" data-widget_type=\"heading.default\">\n\t\t\t\t<div class=\"elementor-widget-container\">\n\t\t\t\t\t<h2 class=\"elementor-heading-title elementor-size-default\">RETROUVEZ-nous SUR LE SALON<\/h2>\t\t\t\t<\/div>\n\t\t\t\t<\/div>\n\t\t\t\t<div class=\"elementor-element elementor-element-2744a30 elementor-widget elementor-widget-image\" data-id=\"2744a30\" data-element_type=\"widget\" data-widget_type=\"image.default\">\n\t\t\t\t<div class=\"elementor-widget-container\">\n\t\t\t\t\t\t\t\t\t\t\t\t\t\t\t<img fetchpriority=\"high\" decoding=\"async\" width=\"1024\" height=\"576\" src=\"https:\/\/www.salonhabitatdeco.fr\/wp-content\/uploads\/2025\/03\/B27-1024x576.jpg\" class=\"attachment-large size-large wp-image-4331\" alt=\"\" srcset=\"https:\/\/www.salonhabitatdeco.fr\/wp-content\/uploads\/2025\/03\/B27-1024x576.jpg 1024w, https:\/\/www.salonhabitatdeco.fr\/wp-content\/uploads\/2025\/03\/B27-300x169.jpg 300w, https:\/\/www.salonhabitatdeco.fr\/wp-content\/uploads\/2025\/03\/B27-768x432.jpg 768w, https:\/\/www.salonhabitatdeco.fr\/wp-content\/uploads\/2025\/03\/B27-1536x864.jpg 1536w, https:\/\/www.salonhabitatdeco.fr\/wp-content\/uploads\/2025\/03\/B27.jpg 1920w\" sizes=\"(max-width: 1024px) 100vw, 1024px\" \/>\t\t\t\t\t\t\t\t\t\t\t\t\t\t\t<\/div>\n\t\t\t\t<\/div>\n\t\t\t\t\t<\/div>\n\t\t<\/div>\n\t\t\t\t\t<\/div>\n\t\t<\/section>\n\t\t\t\t<section class=\"elementor-section elementor-top-section elementor-element elementor-element-7df45e98 elementor-section-boxed elementor-section-height-default elementor-section-height-default\" data-id=\"7df45e98\" data-element_type=\"section\">\n\t\t\t\t\t\t<div class=\"elementor-container elementor-column-gap-default\">\n\t\t\t\t\t<div class=\"elementor-column elementor-col-100 elementor-top-column elementor-element elementor-element-927a5d5\" data-id=\"927a5d5\" data-element_type=\"column\">\n\t\t\t<div class=\"elementor-widget-wrap elementor-element-populated\">\n\t\t\t\t\t\t<div class=\"elementor-element elementor-element-5a5e9a53 elementor-widget elementor-widget-spacer\" data-id=\"5a5e9a53\" data-element_type=\"widget\" data-widget_type=\"spacer.default\">\n\t\t\t\t<div class=\"elementor-widget-container\">\n\t\t\t\t\t\t\t<div class=\"elementor-spacer\">\n\t\t\t<div class=\"elementor-spacer-inner\"><\/div>\n\t\t<\/div>\n\t\t\t\t\t\t<\/div>\n\t\t\t\t<\/div>\n\t\t\t\t\t<\/div>\n\t\t<\/div>\n\t\t\t\t\t<\/div>\n\t\t<\/section>\n\t\t\t\t<\/div>\n\t\t","protected":false},"excerpt":{"rendered":"<p>Aquitaine DTPenrob\u00e9, terrassement Aquitaine DTP &#8211; VRD, enrob\u00e9, calcaire, bordures, pav\u00e9s \u00e0 Mios&nbsp;33380 Toute l&rsquo;\u00e9quipe d&rsquo; Aquitaine DTP est a\u0300 votre disposition pour tous vos travaux d&rsquo;enrobe\u0301s, de terrassement et bien d&rsquo;autres services. Les services propos\u00e9s : &#8211; Enrob\u00e9s &#8211; Terrassement &#8211; Assainissement &#8211; Cl\u00f4tures STAND N\u00b0B27 06 60 77 21 68 delbos.olivier@neuf.fr site internet &hellip;<\/p>\n<p class=\"read-more\"> <a class=\"\" href=\"https:\/\/www.salonhabitatdeco.fr\/index.php\/2021\/09\/07\/aquitaine-dtp\/\"> <span class=\"screen-reader-text\">AQUITAINE DTP<\/span> Lire la suite\u00a0\u00bb<\/a><\/p>\n","protected":false},"author":1,"featured_media":0,"comment_status":"closed","ping_status":"closed","sticky":false,"template":"","format":"standard","meta":{"om_disable_all_campaigns":false,"_monsterinsights_skip_tracking":false,"_monsterinsights_sitenote_active":false,"_monsterinsights_sitenote_note":"","_monsterinsights_sitenote_category":0,"_uf_show_specific_survey":0,"_uf_disable_surveys":false,"footnotes":""},"categories":[42],"tags":[],"aioseo_notices":[],"yoast_head":"<!-- This site is optimized with the Yoast SEO plugin v21.2 - https:\/\/yoast.com\/wordpress\/plugins\/seo\/ -->\n<title>AQUITAINE DTP - Salon de l&#039;Habitat et de la D\u00e9coration du Val de l&#039;Eyre<\/title>\n<meta name=\"description\" content=\"Retrouvez AQUITAINE DTP au Salon de l&#039;Habitat et de la D\u00e9coration du Val de l&#039;Eyre - Le Barp (33114) du 08 au 10 Avril 2022\" \/>\n<meta name=\"robots\" content=\"index, follow, max-snippet:-1, max-image-preview:large, max-video-preview:-1\" \/>\n<link rel=\"canonical\" href=\"https:\/\/www.salonhabitatdeco.fr\/index.php\/2021\/09\/07\/aquitaine-dtp\/\" \/>\n<meta property=\"og:locale\" content=\"fr_FR\" \/>\n<meta property=\"og:type\" content=\"article\" \/>\n<meta property=\"og:title\" content=\"AQUITAINE DTP - Salon de l&#039;Habitat et de la D\u00e9coration du Val de l&#039;Eyre\" \/>\n<meta property=\"og:description\" content=\"Retrouvez AQUITAINE DTP au Salon de l&#039;Habitat et de la D\u00e9coration du Val de l&#039;Eyre - Le Barp (33114) du 08 au 10 Avril 2022\" \/>\n<meta property=\"og:url\" content=\"https:\/\/www.salonhabitatdeco.fr\/index.php\/2021\/09\/07\/aquitaine-dtp\/\" \/>\n<meta property=\"og:site_name\" content=\"Salon de l&#039;Habitat et de la D\u00e9coration du Val de l&#039;Eyre\" \/>\n<meta property=\"article:publisher\" content=\"https:\/\/www.facebook.com\/salonhabitatbarp\" \/>\n<meta property=\"article:published_time\" content=\"2021-09-07T12:15:36+00:00\" \/>\n<meta property=\"article:modified_time\" content=\"2025-03-11T10:53:16+00:00\" \/>\n<meta property=\"og:image\" content=\"https:\/\/www.salonhabitatdeco.fr\/wp-content\/uploads\/2021\/09\/9d06f726ffb6e538351e59bc16ef6403.webp\" \/>\n<meta name=\"author\" content=\"admin9982\" \/>\n<meta name=\"twitter:card\" content=\"summary_large_image\" \/>\n<meta name=\"twitter:label1\" content=\"\u00c9crit par\" \/>\n\t<meta name=\"twitter:data1\" content=\"admin9982\" \/>\n\t<meta name=\"twitter:label2\" content=\"Dur\u00e9e de lecture estim\u00e9e\" \/>\n\t<meta name=\"twitter:data2\" content=\"1 minute\" \/>\n<script type=\"application\/ld+json\" class=\"yoast-schema-graph\">{\"@context\":\"https:\/\/schema.org\",\"@graph\":[{\"@type\":\"Article\",\"@id\":\"https:\/\/www.salonhabitatdeco.fr\/index.php\/2021\/09\/07\/aquitaine-dtp\/#article\",\"isPartOf\":{\"@id\":\"https:\/\/www.salonhabitatdeco.fr\/index.php\/2021\/09\/07\/aquitaine-dtp\/\"},\"author\":{\"name\":\"admin9982\",\"@id\":\"https:\/\/www.salonhabitatdeco.fr\/#\/schema\/person\/a72c2c457fc0f86e92bc4c6dc84aeca1\"},\"headline\":\"AQUITAINE DTP\",\"datePublished\":\"2021-09-07T12:15:36+00:00\",\"dateModified\":\"2025-03-11T10:53:16+00:00\",\"mainEntityOfPage\":{\"@id\":\"https:\/\/www.salonhabitatdeco.fr\/index.php\/2021\/09\/07\/aquitaine-dtp\/\"},\"wordCount\":65,\"publisher\":{\"@id\":\"https:\/\/www.salonhabitatdeco.fr\/#organization\"},\"articleSection\":[\"PISCINE - JARDIN\"],\"inLanguage\":\"fr-FR\"},{\"@type\":\"WebPage\",\"@id\":\"https:\/\/www.salonhabitatdeco.fr\/index.php\/2021\/09\/07\/aquitaine-dtp\/\",\"url\":\"https:\/\/www.salonhabitatdeco.fr\/index.php\/2021\/09\/07\/aquitaine-dtp\/\",\"name\":\"AQUITAINE DTP - Salon de l&#039;Habitat et de la D\u00e9coration du Val de l&#039;Eyre\",\"isPartOf\":{\"@id\":\"https:\/\/www.salonhabitatdeco.fr\/#website\"},\"datePublished\":\"2021-09-07T12:15:36+00:00\",\"dateModified\":\"2025-03-11T10:53:16+00:00\",\"description\":\"Retrouvez AQUITAINE DTP au Salon de l&#039;Habitat et de la D\u00e9coration du Val de l&#039;Eyre - Le Barp (33114) du 08 au 10 Avril 2022\",\"breadcrumb\":{\"@id\":\"https:\/\/www.salonhabitatdeco.fr\/index.php\/2021\/09\/07\/aquitaine-dtp\/#breadcrumb\"},\"inLanguage\":\"fr-FR\",\"potentialAction\":[{\"@type\":\"ReadAction\",\"target\":[\"https:\/\/www.salonhabitatdeco.fr\/index.php\/2021\/09\/07\/aquitaine-dtp\/\"]}]},{\"@type\":\"BreadcrumbList\",\"@id\":\"https:\/\/www.salonhabitatdeco.fr\/index.php\/2021\/09\/07\/aquitaine-dtp\/#breadcrumb\",\"itemListElement\":[{\"@type\":\"ListItem\",\"position\":1,\"name\":\"Accueil\",\"item\":\"https:\/\/www.salonhabitatdeco.fr\/\"},{\"@type\":\"ListItem\",\"position\":2,\"name\":\"AQUITAINE DTP\"}]},{\"@type\":\"WebSite\",\"@id\":\"https:\/\/www.salonhabitatdeco.fr\/#website\",\"url\":\"https:\/\/www.salonhabitatdeco.fr\/\",\"name\":\"Salon de l&#039;Habitat et de la D\u00e9coration du Val de l&#039;Eyre\",\"description\":\"\",\"publisher\":{\"@id\":\"https:\/\/www.salonhabitatdeco.fr\/#organization\"},\"potentialAction\":[{\"@type\":\"SearchAction\",\"target\":{\"@type\":\"EntryPoint\",\"urlTemplate\":\"https:\/\/www.salonhabitatdeco.fr\/?s={search_term_string}\"},\"query-input\":\"required name=search_term_string\"}],\"inLanguage\":\"fr-FR\"},{\"@type\":\"Organization\",\"@id\":\"https:\/\/www.salonhabitatdeco.fr\/#organization\",\"name\":\"Salon de l&#039;Habitat et de la D\u00e9coration du Val de l&#039;Eyre\",\"url\":\"https:\/\/www.salonhabitatdeco.fr\/\",\"logo\":{\"@type\":\"ImageObject\",\"inLanguage\":\"fr-FR\",\"@id\":\"https:\/\/www.salonhabitatdeco.fr\/#\/schema\/logo\/image\/\",\"url\":\"\",\"contentUrl\":\"\",\"caption\":\"Salon de l&#039;Habitat et de la D\u00e9coration du Val de l&#039;Eyre\"},\"image\":{\"@id\":\"https:\/\/www.salonhabitatdeco.fr\/#\/schema\/logo\/image\/\"},\"sameAs\":[\"https:\/\/www.facebook.com\/salonhabitatbarp\"]},{\"@type\":\"Person\",\"@id\":\"https:\/\/www.salonhabitatdeco.fr\/#\/schema\/person\/a72c2c457fc0f86e92bc4c6dc84aeca1\",\"name\":\"admin9982\",\"image\":{\"@type\":\"ImageObject\",\"inLanguage\":\"fr-FR\",\"@id\":\"https:\/\/www.salonhabitatdeco.fr\/#\/schema\/person\/image\/\",\"url\":\"https:\/\/secure.gravatar.com\/avatar\/66b8f9fbaa6ee697bf33a3191e31f104?s=96&d=mm&r=g\",\"contentUrl\":\"https:\/\/secure.gravatar.com\/avatar\/66b8f9fbaa6ee697bf33a3191e31f104?s=96&d=mm&r=g\",\"caption\":\"admin9982\"},\"sameAs\":[\"http:\/\/salonhabitatdeco.fr\"],\"url\":\"https:\/\/www.salonhabitatdeco.fr\/index.php\/author\/admin9982\/\"}]}<\/script>\n<!-- \/ Yoast SEO plugin. -->","yoast_head_json":{"title":"AQUITAINE DTP - Salon de l&#039;Habitat et de la D\u00e9coration du Val de l&#039;Eyre","description":"Retrouvez AQUITAINE DTP au Salon de l&#039;Habitat et de la D\u00e9coration du Val de l&#039;Eyre - Le Barp (33114) du 08 au 10 Avril 2022","robots":{"index":"index","follow":"follow","max-snippet":"max-snippet:-1","max-image-preview":"max-image-preview:large","max-video-preview":"max-video-preview:-1"},"canonical":"https:\/\/www.salonhabitatdeco.fr\/index.php\/2021\/09\/07\/aquitaine-dtp\/","og_locale":"fr_FR","og_type":"article","og_title":"AQUITAINE DTP - Salon de l&#039;Habitat et de la D\u00e9coration du Val de l&#039;Eyre","og_description":"Retrouvez AQUITAINE DTP au Salon de l&#039;Habitat et de la D\u00e9coration du Val de l&#039;Eyre - Le Barp (33114) du 08 au 10 Avril 2022","og_url":"https:\/\/www.salonhabitatdeco.fr\/index.php\/2021\/09\/07\/aquitaine-dtp\/","og_site_name":"Salon de l&#039;Habitat et de la D\u00e9coration du Val de l&#039;Eyre","article_publisher":"https:\/\/www.facebook.com\/salonhabitatbarp","article_published_time":"2021-09-07T12:15:36+00:00","article_modified_time":"2025-03-11T10:53:16+00:00","og_image":[{"url":"https:\/\/www.salonhabitatdeco.fr\/wp-content\/uploads\/2021\/09\/9d06f726ffb6e538351e59bc16ef6403.webp"}],"author":"admin9982","twitter_card":"summary_large_image","twitter_misc":{"\u00c9crit par":"admin9982","Dur\u00e9e de lecture estim\u00e9e":"1 minute"},"schema":{"@context":"https:\/\/schema.org","@graph":[{"@type":"Article","@id":"https:\/\/www.salonhabitatdeco.fr\/index.php\/2021\/09\/07\/aquitaine-dtp\/#article","isPartOf":{"@id":"https:\/\/www.salonhabitatdeco.fr\/index.php\/2021\/09\/07\/aquitaine-dtp\/"},"author":{"name":"admin9982","@id":"https:\/\/www.salonhabitatdeco.fr\/#\/schema\/person\/a72c2c457fc0f86e92bc4c6dc84aeca1"},"headline":"AQUITAINE DTP","datePublished":"2021-09-07T12:15:36+00:00","dateModified":"2025-03-11T10:53:16+00:00","mainEntityOfPage":{"@id":"https:\/\/www.salonhabitatdeco.fr\/index.php\/2021\/09\/07\/aquitaine-dtp\/"},"wordCount":65,"publisher":{"@id":"https:\/\/www.salonhabitatdeco.fr\/#organization"},"articleSection":["PISCINE - JARDIN"],"inLanguage":"fr-FR"},{"@type":"WebPage","@id":"https:\/\/www.salonhabitatdeco.fr\/index.php\/2021\/09\/07\/aquitaine-dtp\/","url":"https:\/\/www.salonhabitatdeco.fr\/index.php\/2021\/09\/07\/aquitaine-dtp\/","name":"AQUITAINE DTP - Salon de l&#039;Habitat et de la D\u00e9coration du Val de l&#039;Eyre","isPartOf":{"@id":"https:\/\/www.salonhabitatdeco.fr\/#website"},"datePublished":"2021-09-07T12:15:36+00:00","dateModified":"2025-03-11T10:53:16+00:00","description":"Retrouvez AQUITAINE DTP au Salon de l&#039;Habitat et de la D\u00e9coration du Val de l&#039;Eyre - Le Barp (33114) du 08 au 10 Avril 2022","breadcrumb":{"@id":"https:\/\/www.salonhabitatdeco.fr\/index.php\/2021\/09\/07\/aquitaine-dtp\/#breadcrumb"},"inLanguage":"fr-FR","potentialAction":[{"@type":"ReadAction","target":["https:\/\/www.salonhabitatdeco.fr\/index.php\/2021\/09\/07\/aquitaine-dtp\/"]}]},{"@type":"BreadcrumbList","@id":"https:\/\/www.salonhabitatdeco.fr\/index.php\/2021\/09\/07\/aquitaine-dtp\/#breadcrumb","itemListElement":[{"@type":"ListItem","position":1,"name":"Accueil","item":"https:\/\/www.salonhabitatdeco.fr\/"},{"@type":"ListItem","position":2,"name":"AQUITAINE DTP"}]},{"@type":"WebSite","@id":"https:\/\/www.salonhabitatdeco.fr\/#website","url":"https:\/\/www.salonhabitatdeco.fr\/","name":"Salon de l&#039;Habitat et de la D\u00e9coration du Val de l&#039;Eyre","description":"","publisher":{"@id":"https:\/\/www.salonhabitatdeco.fr\/#organization"},"potentialAction":[{"@type":"SearchAction","target":{"@type":"EntryPoint","urlTemplate":"https:\/\/www.salonhabitatdeco.fr\/?s={search_term_string}"},"query-input":"required name=search_term_string"}],"inLanguage":"fr-FR"},{"@type":"Organization","@id":"https:\/\/www.salonhabitatdeco.fr\/#organization","name":"Salon de l&#039;Habitat et de la D\u00e9coration du Val de l&#039;Eyre","url":"https:\/\/www.salonhabitatdeco.fr\/","logo":{"@type":"ImageObject","inLanguage":"fr-FR","@id":"https:\/\/www.salonhabitatdeco.fr\/#\/schema\/logo\/image\/","url":"","contentUrl":"","caption":"Salon de l&#039;Habitat et de la D\u00e9coration du Val de l&#039;Eyre"},"image":{"@id":"https:\/\/www.salonhabitatdeco.fr\/#\/schema\/logo\/image\/"},"sameAs":["https:\/\/www.facebook.com\/salonhabitatbarp"]},{"@type":"Person","@id":"https:\/\/www.salonhabitatdeco.fr\/#\/schema\/person\/a72c2c457fc0f86e92bc4c6dc84aeca1","name":"admin9982","image":{"@type":"ImageObject","inLanguage":"fr-FR","@id":"https:\/\/www.salonhabitatdeco.fr\/#\/schema\/person\/image\/","url":"https:\/\/secure.gravatar.com\/avatar\/66b8f9fbaa6ee697bf33a3191e31f104?s=96&d=mm&r=g","contentUrl":"https:\/\/secure.gravatar.com\/avatar\/66b8f9fbaa6ee697bf33a3191e31f104?s=96&d=mm&r=g","caption":"admin9982"},"sameAs":["http:\/\/salonhabitatdeco.fr"],"url":"https:\/\/www.salonhabitatdeco.fr\/index.php\/author\/admin9982\/"}]}},"_links":{"self":[{"href":"https:\/\/www.salonhabitatdeco.fr\/index.php\/wp-json\/wp\/v2\/posts\/754"}],"collection":[{"href":"https:\/\/www.salonhabitatdeco.fr\/index.php\/wp-json\/wp\/v2\/posts"}],"about":[{"href":"https:\/\/www.salonhabitatdeco.fr\/index.php\/wp-json\/wp\/v2\/types\/post"}],"author":[{"embeddable":true,"href":"https:\/\/www.salonhabitatdeco.fr\/index.php\/wp-json\/wp\/v2\/users\/1"}],"replies":[{"embeddable":true,"href":"https:\/\/www.salonhabitatdeco.fr\/index.php\/wp-json\/wp\/v2\/comments?post=754"}],"version-history":[{"count":24,"href":"https:\/\/www.salonhabitatdeco.fr\/index.php\/wp-json\/wp\/v2\/posts\/754\/revisions"}],"predecessor-version":[{"id":4447,"href":"https:\/\/www.salonhabitatdeco.fr\/index.php\/wp-json\/wp\/v2\/posts\/754\/revisions\/4447"}],"wp:attachment":[{"href":"https:\/\/www.salonhabitatdeco.fr\/index.php\/wp-json\/wp\/v2\/media?parent=754"}],"wp:term":[{"taxonomy":"category","embeddable":true,"href":"https:\/\/www.salonhabitatdeco.fr\/index.php\/wp-json\/wp\/v2\/categories?post=754"},{"taxonomy":"post_tag","embeddable":true,"href":"https:\/\/www.salonhabitatdeco.fr\/index.php\/wp-json\/wp\/v2\/tags?post=754"}],"curies":[{"name":"wp","href":"https:\/\/api.w.org\/{rel}","templated":true}]}}